{"id":7752,"date":"2025-11-26T16:52:22","date_gmt":"2025-11-26T15:52:22","guid":{"rendered":"https:\/\/www.yogaimhof.de\/?p=7752"},"modified":"2026-01-11T14:30:42","modified_gmt":"2026-01-11T13:30:42","slug":"hatha-yoga-praeventionskurs-mit-gabi-ab-donnerstag-15-1-26","status":"publish","type":"post","link":"https:\/\/www.yogaimhof.de\/?p=7752","title":{"rendered":"Hatha Yoga Pr\u00e4ventionskurs mit Gabi, ab Donnerstag 15.1.26"},"content":{"rendered":"\n<p><strong>Du m\u00f6chtest mit Yoga beginnen, nach einer Pause wieder einsteigen oder im neuen Jahr einfach weiter\u00fcben?<\/strong><\/p>\n\n\n\n<p>Dann mach mit bei diesem 8-w\u00f6chige Hatha Yoga-Kurs (-:&nbsp;<\/p>\n\n\n\n<p>Du lernst und \u00fcbst Dich in K\u00f6rper\u00fcbungen (asanas), Atem\u00fcbungen (pranayama) sowie Meditations- und Entspannungstechniken. In der \u00dcbung von kleinen Flows (flie\u00dfenden Asana-Reihen) schaffen wir eine Verbindung von Bewegung, Ausrichtung, Atmung und Konzentration.  <\/p>\n\n\n\n<p>All diese \u00dcbungen helfen Dir, dich vom Alltag zu l\u00f6sen, zur Ruhe zu kommen, zu entspannen, aber auch geschmeidiger, kr\u00e4ftiger und konzentrierter zu werden.<\/p>\n\n\n\n<p>Probiere es aus!<\/p>\n\n\n\n<p>Der Pr\u00e4ventionskurs ist nach \u00a720 SGB V gepr\u00fcft und durch die \u201aZentrale Pr\u00fcfstelle Pr\u00e4vention\u2018 zertifiziert. Somit wird der <strong>Kurs von allen gesetzlichen Krankenkassen bezuschusst <\/strong>(anteilig oder bis zu bis 100 Prozent). Voraussetzung: Teilnahme an 8 von 10 Unterrichtseinheiten. 1-2 Termine k\u00f6nnen auch vor- oder nachgeholt werden (Mittwoch 10:15 Uhr oder 18:00 Uhr)<\/p>\n\n\n\n<ul class=\"wp-block-list\">\n<li><strong>Termine<\/strong>: 8 x 75 Min, Donnerstag 17:00 \u2013 18:15 Uhr, 15.1.bis 12.3.26 (nicht 12.2.)<\/li>\n\n\n\n<li><strong>Ort:&nbsp;&nbsp;<\/strong>Yoga im Hof, Neidhartstra\u00dfe 7, Eingang im Hof, 86159 Augsburg&nbsp;<\/li>\n\n\n\n<li><strong>Yogalehrerin:&nbsp;<\/strong>Gabi Theinert&nbsp;<\/li>\n\n\n\n<li><strong>Kosten:\u00a0<\/strong>\u00a0145 Euro \u2013\u00a0<strong>Bankverbindung<\/strong>: Gabriele Theinert| IBAN DE707315 0000 0000 439588, Sparkasse Schwaben-Bodensee<\/li>\n\n\n\n<li><strong>Anmeldung:<\/strong>&nbsp; per Email:&nbsp;<a href=\"mailto:info@yogaimhof.de\">info@yogaimhof.de<\/a>&nbsp;<\/li>\n\n\n\n<li><strong>F\u00fcr:<\/strong> Anf\u00e4nger, Wiedereinsteiger, Grundlagen Ge\u00fcbte, Niveau Basic\/I <\/li>\n<\/ul>\n\n\n\n<figure class=\"wp-block-image aligncenter size-full is-resized\"><img loading=\"lazy\" decoding=\"async\" width=\"1024\" height=\"768\" src=\"https:\/\/www.yogaimhof.de\/wp-content\/uploads\/2023\/04\/0c09b7b0-2611-421e-bad3-b633e905dacd.jpg\" alt=\"\" class=\"wp-image-5040\" style=\"width:541px;height:auto\" srcset=\"https:\/\/www.yogaimhof.de\/wp-content\/uploads\/2023\/04\/0c09b7b0-2611-421e-bad3-b633e905dacd.jpg 1024w, https:\/\/www.yogaimhof.de\/wp-content\/uploads\/2023\/04\/0c09b7b0-2611-421e-bad3-b633e905dacd-300x225.jpg 300w, https:\/\/www.yogaimhof.de\/wp-content\/uploads\/2023\/04\/0c09b7b0-2611-421e-bad3-b633e905dacd-768x576.jpg 768w\" sizes=\"auto, (max-width: 1024px) 100vw, 1024px\" \/><\/figure>\n","protected":false},"excerpt":{"rendered":"<p>Du m\u00f6chtest mit Yoga beginnen, nach einer Pause wieder einsteigen oder im neuen Jahr einfach weiter\u00fcben? Dann mach mit bei diesem 8-w\u00f6chige Hatha Yoga-Kurs (-:&nbsp; Du lernst und \u00fcbst Dich in K\u00f6rper\u00fcbungen (asanas), Atem\u00fcbungen (pranayama) sowie Meditations- und Entspannungstechniken. In der \u00dcbung von kleinen Flows (flie\u00dfenden Asana-Reihen) schaffen wir eine Verbindung von Bewegung, Ausrichtung, Atmung [&hellip;]<\/p>\n","protected":false},"author":1,"featured_media":0,"comment_status":"closed","ping_status":"closed","sticky":false,"template":"","format":"standard","meta":{"footnotes":""},"categories":[214,9,1],"tags":[45,44,98,173],"class_list":["post-7752","post","type-post","status-publish","format-standard","hentry","category-praeventionskurse","category-spezielle-kurse","category-uncategorized","tag-yoga-fur-den-rucken","tag-yoga-im-bismarckviertel","tag-yoga-in-augsburg","tag-yogakurse"],"yoast_head":"<!-- This site is optimized with the Yoast SEO plugin v27.5 - https:\/\/yoast.com\/product\/yoast-seo-wordpress\/ -->\n<title>Hatha Yoga Pr\u00e4ventionskurs mit Gabi, ab Donnerstag 15.1.26 - Yoga im Hof - seit 2005 in Augsburg<\/title>\n<meta name=\"description\" content=\"Du m\u00f6chtest mit Yoga beginnen oder nach einer Pause wieder einsteigen? Dann ist dieser 8-w\u00f6chige Hatha Yoga-Kurs genau das Richtige.\" \/>\n<meta name=\"robots\" content=\"index, follow, max-snippet:-1, max-image-preview:large, max-video-preview:-1\" \/>\n<link rel=\"canonical\" href=\"https:\/\/www.yogaimhof.de\/?p=7752\" \/>\n<meta property=\"og:locale\" content=\"de_DE\" \/>\n<meta property=\"og:type\" content=\"article\" \/>\n<meta property=\"og:title\" content=\"Hatha Yoga Pr\u00e4ventionskurs mit Gabi, ab Donnerstag 15.1.26 - Yoga im Hof - seit 2005 in Augsburg\" \/>\n<meta property=\"og:description\" content=\"Du m\u00f6chtest mit Yoga beginnen oder nach einer Pause wieder einsteigen? Dann ist dieser 8-w\u00f6chige Hatha Yoga-Kurs genau das Richtige.\" \/>\n<meta property=\"og:url\" content=\"https:\/\/www.yogaimhof.de\/?p=7752\" \/>\n<meta property=\"og:site_name\" content=\"Yoga im Hof - seit 2005 in Augsburg\" \/>\n<meta property=\"article:publisher\" content=\"https:\/\/www.facebook.com\/profile.php?id=100063689761446\" \/>\n<meta property=\"article:published_time\" content=\"2025-11-26T15:52:22+00:00\" \/>\n<meta property=\"article:modified_time\" content=\"2026-01-11T13:30:42+00:00\" \/>\n<meta property=\"og:image\" content=\"https:\/\/www.yogaimhof.de\/wp-content\/uploads\/2023\/04\/0c09b7b0-2611-421e-bad3-b633e905dacd.jpg\" \/>\n\t<meta property=\"og:image:width\" content=\"1024\" \/>\n\t<meta property=\"og:image:height\" content=\"768\" \/>\n\t<meta property=\"og:image:type\" content=\"image\/jpeg\" \/>\n<meta name=\"author\" content=\"admin\" \/>\n<meta name=\"twitter:card\" content=\"summary_large_image\" \/>\n<meta name=\"twitter:label1\" content=\"Verfasst von\" \/>\n\t<meta name=\"twitter:data1\" content=\"admin\" \/>\n\t<meta name=\"twitter:label2\" content=\"Gesch\u00e4tzte Lesezeit\" \/>\n\t<meta name=\"twitter:data2\" content=\"2\u00a0Minuten\" \/>\n<script type=\"application\/ld+json\" class=\"yoast-schema-graph\">{\"@context\":\"https:\\\/\\\/schema.org\",\"@graph\":[{\"@type\":\"Article\",\"@id\":\"https:\\\/\\\/www.yogaimhof.de\\\/?p=7752#article\",\"isPartOf\":{\"@id\":\"https:\\\/\\\/www.yogaimhof.de\\\/?p=7752\"},\"author\":{\"name\":\"admin\",\"@id\":\"https:\\\/\\\/www.yogaimhof.de\\\/#\\\/schema\\\/person\\\/40639ab66b02febb41066df02d5e90ce\"},\"headline\":\"Hatha Yoga Pr\u00e4ventionskurs mit Gabi, ab Donnerstag 15.1.26\",\"datePublished\":\"2025-11-26T15:52:22+00:00\",\"dateModified\":\"2026-01-11T13:30:42+00:00\",\"mainEntityOfPage\":{\"@id\":\"https:\\\/\\\/www.yogaimhof.de\\\/?p=7752\"},\"wordCount\":207,\"publisher\":{\"@id\":\"https:\\\/\\\/www.yogaimhof.de\\\/#organization\"},\"image\":{\"@id\":\"https:\\\/\\\/www.yogaimhof.de\\\/?p=7752#primaryimage\"},\"thumbnailUrl\":\"https:\\\/\\\/www.yogaimhof.de\\\/wp-content\\\/uploads\\\/2023\\\/04\\\/0c09b7b0-2611-421e-bad3-b633e905dacd.jpg\",\"keywords\":[\"Yoga f\u00fcr den R\u00fccken\",\"Yoga im Bismarckviertel\",\"Yoga in Augsburg\",\"Yogakurse\"],\"articleSection\":[\"Pr\u00e4ventionskurse\",\"Spezielle Kurse\",\"Uncategorized\"],\"inLanguage\":\"de\"},{\"@type\":\"WebPage\",\"@id\":\"https:\\\/\\\/www.yogaimhof.de\\\/?p=7752\",\"url\":\"https:\\\/\\\/www.yogaimhof.de\\\/?p=7752\",\"name\":\"Hatha Yoga Pr\u00e4ventionskurs mit Gabi, ab Donnerstag 15.1.26 - Yoga im Hof - seit 2005 in Augsburg\",\"isPartOf\":{\"@id\":\"https:\\\/\\\/www.yogaimhof.de\\\/#website\"},\"primaryImageOfPage\":{\"@id\":\"https:\\\/\\\/www.yogaimhof.de\\\/?p=7752#primaryimage\"},\"image\":{\"@id\":\"https:\\\/\\\/www.yogaimhof.de\\\/?p=7752#primaryimage\"},\"thumbnailUrl\":\"https:\\\/\\\/www.yogaimhof.de\\\/wp-content\\\/uploads\\\/2023\\\/04\\\/0c09b7b0-2611-421e-bad3-b633e905dacd.jpg\",\"datePublished\":\"2025-11-26T15:52:22+00:00\",\"dateModified\":\"2026-01-11T13:30:42+00:00\",\"description\":\"Du m\u00f6chtest mit Yoga beginnen oder nach einer Pause wieder einsteigen? Dann ist dieser 8-w\u00f6chige Hatha Yoga-Kurs genau das Richtige.\",\"breadcrumb\":{\"@id\":\"https:\\\/\\\/www.yogaimhof.de\\\/?p=7752#breadcrumb\"},\"inLanguage\":\"de\",\"potentialAction\":[{\"@type\":\"ReadAction\",\"target\":[\"https:\\\/\\\/www.yogaimhof.de\\\/?p=7752\"]}]},{\"@type\":\"ImageObject\",\"inLanguage\":\"de\",\"@id\":\"https:\\\/\\\/www.yogaimhof.de\\\/?p=7752#primaryimage\",\"url\":\"https:\\\/\\\/www.yogaimhof.de\\\/wp-content\\\/uploads\\\/2023\\\/04\\\/0c09b7b0-2611-421e-bad3-b633e905dacd.jpg\",\"contentUrl\":\"https:\\\/\\\/www.yogaimhof.de\\\/wp-content\\\/uploads\\\/2023\\\/04\\\/0c09b7b0-2611-421e-bad3-b633e905dacd.jpg\",\"width\":1024,\"height\":768},{\"@type\":\"BreadcrumbList\",\"@id\":\"https:\\\/\\\/www.yogaimhof.de\\\/?p=7752#breadcrumb\",\"itemListElement\":[{\"@type\":\"ListItem\",\"position\":1,\"name\":\"Startseite\",\"item\":\"https:\\\/\\\/www.yogaimhof.de\\\/\"},{\"@type\":\"ListItem\",\"position\":2,\"name\":\"Hatha Yoga Pr\u00e4ventionskurs mit Gabi, ab Donnerstag 15.1.26\"}]},{\"@type\":\"WebSite\",\"@id\":\"https:\\\/\\\/www.yogaimhof.de\\\/#website\",\"url\":\"https:\\\/\\\/www.yogaimhof.de\\\/\",\"name\":\"Yoga im Hof - seit 2005 in Augsburg\",\"description\":\"Zeit f\u00fcr Yoga... Zeit f\u00fcr Dich.\",\"publisher\":{\"@id\":\"https:\\\/\\\/www.yogaimhof.de\\\/#organization\"},\"potentialAction\":[{\"@type\":\"SearchAction\",\"target\":{\"@type\":\"EntryPoint\",\"urlTemplate\":\"https:\\\/\\\/www.yogaimhof.de\\\/?s={search_term_string}\"},\"query-input\":{\"@type\":\"PropertyValueSpecification\",\"valueRequired\":true,\"valueName\":\"search_term_string\"}}],\"inLanguage\":\"de\"},{\"@type\":\"Organization\",\"@id\":\"https:\\\/\\\/www.yogaimhof.de\\\/#organization\",\"name\":\"Yoga im Hof - seit 2005 in Augsburg\",\"url\":\"https:\\\/\\\/www.yogaimhof.de\\\/\",\"logo\":{\"@type\":\"ImageObject\",\"inLanguage\":\"de\",\"@id\":\"https:\\\/\\\/www.yogaimhof.de\\\/#\\\/schema\\\/logo\\\/image\\\/\",\"url\":\"https:\\\/\\\/www.yogaimhof.de\\\/wp-content\\\/uploads\\\/2018\\\/05\\\/Logo-YIH.png\",\"contentUrl\":\"https:\\\/\\\/www.yogaimhof.de\\\/wp-content\\\/uploads\\\/2018\\\/05\\\/Logo-YIH.png\",\"width\":200,\"height\":198,\"caption\":\"Yoga im Hof - seit 2005 in Augsburg\"},\"image\":{\"@id\":\"https:\\\/\\\/www.yogaimhof.de\\\/#\\\/schema\\\/logo\\\/image\\\/\"},\"sameAs\":[\"https:\\\/\\\/www.facebook.com\\\/profile.php?id=100063689761446\"]},{\"@type\":\"Person\",\"@id\":\"https:\\\/\\\/www.yogaimhof.de\\\/#\\\/schema\\\/person\\\/40639ab66b02febb41066df02d5e90ce\",\"name\":\"admin\",\"image\":{\"@type\":\"ImageObject\",\"inLanguage\":\"de\",\"@id\":\"https:\\\/\\\/secure.gravatar.com\\\/avatar\\\/7c94d33d7cae1142e0d8384ce86108dad6ea2c4a24c1c816625bcd8df15903cf?s=96&d=mm&r=g\",\"url\":\"https:\\\/\\\/secure.gravatar.com\\\/avatar\\\/7c94d33d7cae1142e0d8384ce86108dad6ea2c4a24c1c816625bcd8df15903cf?s=96&d=mm&r=g\",\"contentUrl\":\"https:\\\/\\\/secure.gravatar.com\\\/avatar\\\/7c94d33d7cae1142e0d8384ce86108dad6ea2c4a24c1c816625bcd8df15903cf?s=96&d=mm&r=g\",\"caption\":\"admin\"},\"sameAs\":[\"https:\\\/\\\/www.instagram.com\\\/yoga_im_hof_augsburg\\\/\"],\"url\":\"https:\\\/\\\/www.yogaimhof.de\\\/?author=1\"}]}<\/script>\n<!-- \/ Yoast SEO plugin. -->","yoast_head_json":{"title":"Hatha Yoga Pr\u00e4ventionskurs mit Gabi, ab Donnerstag 15.1.26 - Yoga im Hof - seit 2005 in Augsburg","description":"Du m\u00f6chtest mit Yoga beginnen oder nach einer Pause wieder einsteigen? Dann ist dieser 8-w\u00f6chige Hatha Yoga-Kurs genau das Richtige.","robots":{"index":"index","follow":"follow","max-snippet":"max-snippet:-1","max-image-preview":"max-image-preview:large","max-video-preview":"max-video-preview:-1"},"canonical":"https:\/\/www.yogaimhof.de\/?p=7752","og_locale":"de_DE","og_type":"article","og_title":"Hatha Yoga Pr\u00e4ventionskurs mit Gabi, ab Donnerstag 15.1.26 - Yoga im Hof - seit 2005 in Augsburg","og_description":"Du m\u00f6chtest mit Yoga beginnen oder nach einer Pause wieder einsteigen? Dann ist dieser 8-w\u00f6chige Hatha Yoga-Kurs genau das Richtige.","og_url":"https:\/\/www.yogaimhof.de\/?p=7752","og_site_name":"Yoga im Hof - seit 2005 in Augsburg","article_publisher":"https:\/\/www.facebook.com\/profile.php?id=100063689761446","article_published_time":"2025-11-26T15:52:22+00:00","article_modified_time":"2026-01-11T13:30:42+00:00","og_image":[{"width":1024,"height":768,"url":"https:\/\/www.yogaimhof.de\/wp-content\/uploads\/2023\/04\/0c09b7b0-2611-421e-bad3-b633e905dacd.jpg","type":"image\/jpeg"}],"author":"admin","twitter_card":"summary_large_image","twitter_misc":{"Verfasst von":"admin","Gesch\u00e4tzte Lesezeit":"2\u00a0Minuten"},"schema":{"@context":"https:\/\/schema.org","@graph":[{"@type":"Article","@id":"https:\/\/www.yogaimhof.de\/?p=7752#article","isPartOf":{"@id":"https:\/\/www.yogaimhof.de\/?p=7752"},"author":{"name":"admin","@id":"https:\/\/www.yogaimhof.de\/#\/schema\/person\/40639ab66b02febb41066df02d5e90ce"},"headline":"Hatha Yoga Pr\u00e4ventionskurs mit Gabi, ab Donnerstag 15.1.26","datePublished":"2025-11-26T15:52:22+00:00","dateModified":"2026-01-11T13:30:42+00:00","mainEntityOfPage":{"@id":"https:\/\/www.yogaimhof.de\/?p=7752"},"wordCount":207,"publisher":{"@id":"https:\/\/www.yogaimhof.de\/#organization"},"image":{"@id":"https:\/\/www.yogaimhof.de\/?p=7752#primaryimage"},"thumbnailUrl":"https:\/\/www.yogaimhof.de\/wp-content\/uploads\/2023\/04\/0c09b7b0-2611-421e-bad3-b633e905dacd.jpg","keywords":["Yoga f\u00fcr den R\u00fccken","Yoga im Bismarckviertel","Yoga in Augsburg","Yogakurse"],"articleSection":["Pr\u00e4ventionskurse","Spezielle Kurse","Uncategorized"],"inLanguage":"de"},{"@type":"WebPage","@id":"https:\/\/www.yogaimhof.de\/?p=7752","url":"https:\/\/www.yogaimhof.de\/?p=7752","name":"Hatha Yoga Pr\u00e4ventionskurs mit Gabi, ab Donnerstag 15.1.26 - Yoga im Hof - seit 2005 in Augsburg","isPartOf":{"@id":"https:\/\/www.yogaimhof.de\/#website"},"primaryImageOfPage":{"@id":"https:\/\/www.yogaimhof.de\/?p=7752#primaryimage"},"image":{"@id":"https:\/\/www.yogaimhof.de\/?p=7752#primaryimage"},"thumbnailUrl":"https:\/\/www.yogaimhof.de\/wp-content\/uploads\/2023\/04\/0c09b7b0-2611-421e-bad3-b633e905dacd.jpg","datePublished":"2025-11-26T15:52:22+00:00","dateModified":"2026-01-11T13:30:42+00:00","description":"Du m\u00f6chtest mit Yoga beginnen oder nach einer Pause wieder einsteigen? Dann ist dieser 8-w\u00f6chige Hatha Yoga-Kurs genau das Richtige.","breadcrumb":{"@id":"https:\/\/www.yogaimhof.de\/?p=7752#breadcrumb"},"inLanguage":"de","potentialAction":[{"@type":"ReadAction","target":["https:\/\/www.yogaimhof.de\/?p=7752"]}]},{"@type":"ImageObject","inLanguage":"de","@id":"https:\/\/www.yogaimhof.de\/?p=7752#primaryimage","url":"https:\/\/www.yogaimhof.de\/wp-content\/uploads\/2023\/04\/0c09b7b0-2611-421e-bad3-b633e905dacd.jpg","contentUrl":"https:\/\/www.yogaimhof.de\/wp-content\/uploads\/2023\/04\/0c09b7b0-2611-421e-bad3-b633e905dacd.jpg","width":1024,"height":768},{"@type":"BreadcrumbList","@id":"https:\/\/www.yogaimhof.de\/?p=7752#breadcrumb","itemListElement":[{"@type":"ListItem","position":1,"name":"Startseite","item":"https:\/\/www.yogaimhof.de\/"},{"@type":"ListItem","position":2,"name":"Hatha Yoga Pr\u00e4ventionskurs mit Gabi, ab Donnerstag 15.1.26"}]},{"@type":"WebSite","@id":"https:\/\/www.yogaimhof.de\/#website","url":"https:\/\/www.yogaimhof.de\/","name":"Yoga im Hof - seit 2005 in Augsburg","description":"Zeit f\u00fcr Yoga... Zeit f\u00fcr Dich.","publisher":{"@id":"https:\/\/www.yogaimhof.de\/#organization"},"potentialAction":[{"@type":"SearchAction","target":{"@type":"EntryPoint","urlTemplate":"https:\/\/www.yogaimhof.de\/?s={search_term_string}"},"query-input":{"@type":"PropertyValueSpecification","valueRequired":true,"valueName":"search_term_string"}}],"inLanguage":"de"},{"@type":"Organization","@id":"https:\/\/www.yogaimhof.de\/#organization","name":"Yoga im Hof - seit 2005 in Augsburg","url":"https:\/\/www.yogaimhof.de\/","logo":{"@type":"ImageObject","inLanguage":"de","@id":"https:\/\/www.yogaimhof.de\/#\/schema\/logo\/image\/","url":"https:\/\/www.yogaimhof.de\/wp-content\/uploads\/2018\/05\/Logo-YIH.png","contentUrl":"https:\/\/www.yogaimhof.de\/wp-content\/uploads\/2018\/05\/Logo-YIH.png","width":200,"height":198,"caption":"Yoga im Hof - seit 2005 in Augsburg"},"image":{"@id":"https:\/\/www.yogaimhof.de\/#\/schema\/logo\/image\/"},"sameAs":["https:\/\/www.facebook.com\/profile.php?id=100063689761446"]},{"@type":"Person","@id":"https:\/\/www.yogaimhof.de\/#\/schema\/person\/40639ab66b02febb41066df02d5e90ce","name":"admin","image":{"@type":"ImageObject","inLanguage":"de","@id":"https:\/\/secure.gravatar.com\/avatar\/7c94d33d7cae1142e0d8384ce86108dad6ea2c4a24c1c816625bcd8df15903cf?s=96&d=mm&r=g","url":"https:\/\/secure.gravatar.com\/avatar\/7c94d33d7cae1142e0d8384ce86108dad6ea2c4a24c1c816625bcd8df15903cf?s=96&d=mm&r=g","contentUrl":"https:\/\/secure.gravatar.com\/avatar\/7c94d33d7cae1142e0d8384ce86108dad6ea2c4a24c1c816625bcd8df15903cf?s=96&d=mm&r=g","caption":"admin"},"sameAs":["https:\/\/www.instagram.com\/yoga_im_hof_augsburg\/"],"url":"https:\/\/www.yogaimhof.de\/?author=1"}]}},"_links":{"self":[{"href":"https:\/\/www.yogaimhof.de\/index.php?rest_route=\/wp\/v2\/posts\/7752","targetHints":{"allow":["GET"]}}],"collection":[{"href":"https:\/\/www.yogaimhof.de\/index.php?rest_route=\/wp\/v2\/posts"}],"about":[{"href":"https:\/\/www.yogaimhof.de\/index.php?rest_route=\/wp\/v2\/types\/post"}],"author":[{"embeddable":true,"href":"https:\/\/www.yogaimhof.de\/index.php?rest_route=\/wp\/v2\/users\/1"}],"replies":[{"embeddable":true,"href":"https:\/\/www.yogaimhof.de\/index.php?rest_route=%2Fwp%2Fv2%2Fcomments&post=7752"}],"version-history":[{"count":7,"href":"https:\/\/www.yogaimhof.de\/index.php?rest_route=\/wp\/v2\/posts\/7752\/revisions"}],"predecessor-version":[{"id":7908,"href":"https:\/\/www.yogaimhof.de\/index.php?rest_route=\/wp\/v2\/posts\/7752\/revisions\/7908"}],"wp:attachment":[{"href":"https:\/\/www.yogaimhof.de\/index.php?rest_route=%2Fwp%2Fv2%2Fmedia&parent=7752"}],"wp:term":[{"taxonomy":"category","embeddable":true,"href":"https:\/\/www.yogaimhof.de\/index.php?rest_route=%2Fwp%2Fv2%2Fcategories&post=7752"},{"taxonomy":"post_tag","embeddable":true,"href":"https:\/\/www.yogaimhof.de\/index.php?rest_route=%2Fwp%2Fv2%2Ftags&post=7752"}],"curies":[{"name":"wp","href":"https:\/\/api.w.org\/{rel}","templated":true}]}}