{"id":7745,"date":"2025-11-14T21:11:27","date_gmt":"2025-11-14T20:11:27","guid":{"rendered":"https:\/\/www.yogaimhof.de\/?p=7745"},"modified":"2026-01-02T09:41:50","modified_gmt":"2026-01-02T08:41:50","slug":"yoga-intensiv-mit-andrea-und-gabi-am-feiertag-6-1-26","status":"publish","type":"post","link":"https:\/\/www.yogaimhof.de\/?p=7745","title":{"rendered":"Yoga Intensiv mit Andrea und Gabi am Feiertag 6.1.26"},"content":{"rendered":"\n<p><strong>ENTF\u00c4LLT LEIDER<\/strong><\/p>\n\n\n\n<p>Am diesem Vormittag laden wir Dich zu einer langen Yoga Session ein. \u00dcber 4 Stunden variieren und intensivieren wir die Pranayamapraxis und \u00fcben genau und detailreich K\u00f6rperhaltungen und Bewegungsabl\u00e4ufe. Daran schlie\u00dfen sich Meditation und eine Yoga Nidra Entspannung an.<\/p>\n\n\n\n<ul class=\"wp-block-list\">\n<li><strong>Termin<\/strong>: Dienstag, 6.1.26<\/li>\n\n\n\n<li><strong>Uhrzeit:<\/strong> 7:00-11:00 Uhr&nbsp;<\/li>\n\n\n\n<li><strong>Ort:<\/strong>&nbsp;vor Ort bei Yoga im Hof, nur Pr\u00e4senz <\/li>\n\n\n\n<li><strong>F\u00fcr:<\/strong> ge\u00fcbte Yogis  <\/li>\n\n\n\n<li><strong>Beitrag:<\/strong>&nbsp;60 Euro oder 4 Punkte auf Deiner Punktekarte, mit Flatrate 40 EUR, bar vor Ort oder Gabriele Theinert, IBAN: DE70 7315 0000 0000 4395 88, Sparkasse Schwaben-Bodensee<\/li>\n\n\n\n<li><strong>Anmeldung: <\/strong>info@yogaimhof.de <\/li>\n<\/ul>\n\n\n\n<figure class=\"wp-block-image size-large\"><img loading=\"lazy\" decoding=\"async\" width=\"1024\" height=\"768\" src=\"https:\/\/www.yogaimhof.de\/wp-content\/uploads\/2023\/02\/IMG_3731-1024x768.jpeg\" alt=\"\" class=\"wp-image-4824\" srcset=\"https:\/\/www.yogaimhof.de\/wp-content\/uploads\/2023\/02\/IMG_3731-1024x768.jpeg 1024w, https:\/\/www.yogaimhof.de\/wp-content\/uploads\/2023\/02\/IMG_3731-300x225.jpeg 300w, https:\/\/www.yogaimhof.de\/wp-content\/uploads\/2023\/02\/IMG_3731-768x576.jpeg 768w, https:\/\/www.yogaimhof.de\/wp-content\/uploads\/2023\/02\/IMG_3731-1536x1152.jpeg 1536w, https:\/\/www.yogaimhof.de\/wp-content\/uploads\/2023\/02\/IMG_3731-2048x1536.jpeg 2048w, https:\/\/www.yogaimhof.de\/wp-content\/uploads\/2023\/02\/IMG_3731-scaled-400x300.jpeg 400w\" sizes=\"auto, (max-width: 1024px) 100vw, 1024px\" \/><\/figure>\n","protected":false},"excerpt":{"rendered":"<p>ENTF\u00c4LLT LEIDER Am diesem Vormittag laden wir Dich zu einer langen Yoga Session ein. \u00dcber 4 Stunden variieren und intensivieren wir die Pranayamapraxis und \u00fcben genau und detailreich K\u00f6rperhaltungen und Bewegungsabl\u00e4ufe. Daran schlie\u00dfen sich Meditation und eine Yoga Nidra Entspannung an.<\/p>\n","protected":false},"author":1,"featured_media":0,"comment_status":"closed","ping_status":"closed","sticky":false,"template":"","format":"standard","meta":{"footnotes":""},"categories":[9,1,8],"tags":[44,98,169],"class_list":["post-7745","post","type-post","status-publish","format-standard","hentry","category-spezielle-kurse","category-uncategorized","category-workshops","tag-yoga-im-bismarckviertel","tag-yoga-in-augsburg","tag-yogaschule-in-augsburg"],"yoast_head":"<!-- This site is optimized with the Yoast SEO plugin v27.5 - https:\/\/yoast.com\/product\/yoast-seo-wordpress\/ -->\n<title>Yoga Intensiv mit Andrea und Gabi am Feiertag 6.1.26 - Yoga im Hof - seit 2005 in Augsburg<\/title>\n<meta name=\"description\" content=\"\u00dcber 4 Stunden variieren und intensivieren wir die Pranayamapraxis und \u00fcben genau und detailreich K\u00f6rperhaltungen und Bewegungsabl\u00e4ufe.\" \/>\n<meta name=\"robots\" content=\"index, follow, max-snippet:-1, max-image-preview:large, max-video-preview:-1\" \/>\n<link rel=\"canonical\" href=\"https:\/\/www.yogaimhof.de\/?p=7745\" \/>\n<meta property=\"og:locale\" content=\"de_DE\" \/>\n<meta property=\"og:type\" content=\"article\" \/>\n<meta property=\"og:title\" content=\"Yoga Intensiv mit Andrea und Gabi am Feiertag 6.1.26 - Yoga im Hof - seit 2005 in Augsburg\" \/>\n<meta property=\"og:description\" content=\"\u00dcber 4 Stunden variieren und intensivieren wir die Pranayamapraxis und \u00fcben genau und detailreich K\u00f6rperhaltungen und Bewegungsabl\u00e4ufe.\" \/>\n<meta property=\"og:url\" content=\"https:\/\/www.yogaimhof.de\/?p=7745\" \/>\n<meta property=\"og:site_name\" content=\"Yoga im Hof - seit 2005 in Augsburg\" \/>\n<meta property=\"article:publisher\" content=\"https:\/\/www.facebook.com\/profile.php?id=100063689761446\" \/>\n<meta property=\"article:published_time\" content=\"2025-11-14T20:11:27+00:00\" \/>\n<meta property=\"article:modified_time\" content=\"2026-01-02T08:41:50+00:00\" \/>\n<meta property=\"og:image\" content=\"https:\/\/www.yogaimhof.de\/wp-content\/uploads\/2023\/02\/IMG_3731-scaled.jpeg\" \/>\n\t<meta property=\"og:image:width\" content=\"2560\" \/>\n\t<meta property=\"og:image:height\" content=\"1920\" \/>\n\t<meta property=\"og:image:type\" content=\"image\/jpeg\" \/>\n<meta name=\"author\" content=\"admin\" \/>\n<meta name=\"twitter:card\" content=\"summary_large_image\" \/>\n<meta name=\"twitter:label1\" content=\"Verfasst von\" \/>\n\t<meta name=\"twitter:data1\" content=\"admin\" \/>\n\t<meta name=\"twitter:label2\" content=\"Gesch\u00e4tzte Lesezeit\" \/>\n\t<meta name=\"twitter:data2\" content=\"1\u00a0Minute\" \/>\n<script type=\"application\/ld+json\" class=\"yoast-schema-graph\">{\"@context\":\"https:\\\/\\\/schema.org\",\"@graph\":[{\"@type\":\"Article\",\"@id\":\"https:\\\/\\\/www.yogaimhof.de\\\/?p=7745#article\",\"isPartOf\":{\"@id\":\"https:\\\/\\\/www.yogaimhof.de\\\/?p=7745\"},\"author\":{\"name\":\"admin\",\"@id\":\"https:\\\/\\\/www.yogaimhof.de\\\/#\\\/schema\\\/person\\\/40639ab66b02febb41066df02d5e90ce\"},\"headline\":\"Yoga Intensiv mit Andrea und Gabi am Feiertag 6.1.26\",\"datePublished\":\"2025-11-14T20:11:27+00:00\",\"dateModified\":\"2026-01-02T08:41:50+00:00\",\"mainEntityOfPage\":{\"@id\":\"https:\\\/\\\/www.yogaimhof.de\\\/?p=7745\"},\"wordCount\":99,\"publisher\":{\"@id\":\"https:\\\/\\\/www.yogaimhof.de\\\/#organization\"},\"image\":{\"@id\":\"https:\\\/\\\/www.yogaimhof.de\\\/?p=7745#primaryimage\"},\"thumbnailUrl\":\"https:\\\/\\\/www.yogaimhof.de\\\/wp-content\\\/uploads\\\/2023\\\/02\\\/IMG_3731-1024x768.jpeg\",\"keywords\":[\"Yoga im Bismarckviertel\",\"Yoga in Augsburg\",\"Yogaschule in Augsburg\"],\"articleSection\":[\"Spezielle Kurse\",\"Uncategorized\",\"Workshops\"],\"inLanguage\":\"de\"},{\"@type\":\"WebPage\",\"@id\":\"https:\\\/\\\/www.yogaimhof.de\\\/?p=7745\",\"url\":\"https:\\\/\\\/www.yogaimhof.de\\\/?p=7745\",\"name\":\"Yoga Intensiv mit Andrea und Gabi am Feiertag 6.1.26 - Yoga im Hof - seit 2005 in Augsburg\",\"isPartOf\":{\"@id\":\"https:\\\/\\\/www.yogaimhof.de\\\/#website\"},\"primaryImageOfPage\":{\"@id\":\"https:\\\/\\\/www.yogaimhof.de\\\/?p=7745#primaryimage\"},\"image\":{\"@id\":\"https:\\\/\\\/www.yogaimhof.de\\\/?p=7745#primaryimage\"},\"thumbnailUrl\":\"https:\\\/\\\/www.yogaimhof.de\\\/wp-content\\\/uploads\\\/2023\\\/02\\\/IMG_3731-1024x768.jpeg\",\"datePublished\":\"2025-11-14T20:11:27+00:00\",\"dateModified\":\"2026-01-02T08:41:50+00:00\",\"description\":\"\u00dcber 4 Stunden variieren und intensivieren wir die Pranayamapraxis und \u00fcben genau und detailreich K\u00f6rperhaltungen und Bewegungsabl\u00e4ufe.\",\"breadcrumb\":{\"@id\":\"https:\\\/\\\/www.yogaimhof.de\\\/?p=7745#breadcrumb\"},\"inLanguage\":\"de\",\"potentialAction\":[{\"@type\":\"ReadAction\",\"target\":[\"https:\\\/\\\/www.yogaimhof.de\\\/?p=7745\"]}]},{\"@type\":\"ImageObject\",\"inLanguage\":\"de\",\"@id\":\"https:\\\/\\\/www.yogaimhof.de\\\/?p=7745#primaryimage\",\"url\":\"https:\\\/\\\/www.yogaimhof.de\\\/wp-content\\\/uploads\\\/2023\\\/02\\\/IMG_3731-scaled.jpeg\",\"contentUrl\":\"https:\\\/\\\/www.yogaimhof.de\\\/wp-content\\\/uploads\\\/2023\\\/02\\\/IMG_3731-scaled.jpeg\",\"width\":2560,\"height\":1920},{\"@type\":\"BreadcrumbList\",\"@id\":\"https:\\\/\\\/www.yogaimhof.de\\\/?p=7745#breadcrumb\",\"itemListElement\":[{\"@type\":\"ListItem\",\"position\":1,\"name\":\"Startseite\",\"item\":\"https:\\\/\\\/www.yogaimhof.de\\\/\"},{\"@type\":\"ListItem\",\"position\":2,\"name\":\"Yoga Intensiv mit Andrea und Gabi am Feiertag 6.1.26\"}]},{\"@type\":\"WebSite\",\"@id\":\"https:\\\/\\\/www.yogaimhof.de\\\/#website\",\"url\":\"https:\\\/\\\/www.yogaimhof.de\\\/\",\"name\":\"Yoga im Hof - seit 2005 in Augsburg\",\"description\":\"Zeit f\u00fcr Yoga... Zeit f\u00fcr Dich.\",\"publisher\":{\"@id\":\"https:\\\/\\\/www.yogaimhof.de\\\/#organization\"},\"potentialAction\":[{\"@type\":\"SearchAction\",\"target\":{\"@type\":\"EntryPoint\",\"urlTemplate\":\"https:\\\/\\\/www.yogaimhof.de\\\/?s={search_term_string}\"},\"query-input\":{\"@type\":\"PropertyValueSpecification\",\"valueRequired\":true,\"valueName\":\"search_term_string\"}}],\"inLanguage\":\"de\"},{\"@type\":\"Organization\",\"@id\":\"https:\\\/\\\/www.yogaimhof.de\\\/#organization\",\"name\":\"Yoga im Hof - seit 2005 in Augsburg\",\"url\":\"https:\\\/\\\/www.yogaimhof.de\\\/\",\"logo\":{\"@type\":\"ImageObject\",\"inLanguage\":\"de\",\"@id\":\"https:\\\/\\\/www.yogaimhof.de\\\/#\\\/schema\\\/logo\\\/image\\\/\",\"url\":\"https:\\\/\\\/www.yogaimhof.de\\\/wp-content\\\/uploads\\\/2018\\\/05\\\/Logo-YIH.png\",\"contentUrl\":\"https:\\\/\\\/www.yogaimhof.de\\\/wp-content\\\/uploads\\\/2018\\\/05\\\/Logo-YIH.png\",\"width\":200,\"height\":198,\"caption\":\"Yoga im Hof - seit 2005 in Augsburg\"},\"image\":{\"@id\":\"https:\\\/\\\/www.yogaimhof.de\\\/#\\\/schema\\\/logo\\\/image\\\/\"},\"sameAs\":[\"https:\\\/\\\/www.facebook.com\\\/profile.php?id=100063689761446\"]},{\"@type\":\"Person\",\"@id\":\"https:\\\/\\\/www.yogaimhof.de\\\/#\\\/schema\\\/person\\\/40639ab66b02febb41066df02d5e90ce\",\"name\":\"admin\",\"image\":{\"@type\":\"ImageObject\",\"inLanguage\":\"de\",\"@id\":\"https:\\\/\\\/secure.gravatar.com\\\/avatar\\\/7c94d33d7cae1142e0d8384ce86108dad6ea2c4a24c1c816625bcd8df15903cf?s=96&d=mm&r=g\",\"url\":\"https:\\\/\\\/secure.gravatar.com\\\/avatar\\\/7c94d33d7cae1142e0d8384ce86108dad6ea2c4a24c1c816625bcd8df15903cf?s=96&d=mm&r=g\",\"contentUrl\":\"https:\\\/\\\/secure.gravatar.com\\\/avatar\\\/7c94d33d7cae1142e0d8384ce86108dad6ea2c4a24c1c816625bcd8df15903cf?s=96&d=mm&r=g\",\"caption\":\"admin\"},\"sameAs\":[\"https:\\\/\\\/www.instagram.com\\\/yoga_im_hof_augsburg\\\/\"],\"url\":\"https:\\\/\\\/www.yogaimhof.de\\\/?author=1\"}]}<\/script>\n<!-- \/ Yoast SEO plugin. -->","yoast_head_json":{"title":"Yoga Intensiv mit Andrea und Gabi am Feiertag 6.1.26 - Yoga im Hof - seit 2005 in Augsburg","description":"\u00dcber 4 Stunden variieren und intensivieren wir die Pranayamapraxis und \u00fcben genau und detailreich K\u00f6rperhaltungen und Bewegungsabl\u00e4ufe.","robots":{"index":"index","follow":"follow","max-snippet":"max-snippet:-1","max-image-preview":"max-image-preview:large","max-video-preview":"max-video-preview:-1"},"canonical":"https:\/\/www.yogaimhof.de\/?p=7745","og_locale":"de_DE","og_type":"article","og_title":"Yoga Intensiv mit Andrea und Gabi am Feiertag 6.1.26 - Yoga im Hof - seit 2005 in Augsburg","og_description":"\u00dcber 4 Stunden variieren und intensivieren wir die Pranayamapraxis und \u00fcben genau und detailreich K\u00f6rperhaltungen und Bewegungsabl\u00e4ufe.","og_url":"https:\/\/www.yogaimhof.de\/?p=7745","og_site_name":"Yoga im Hof - seit 2005 in Augsburg","article_publisher":"https:\/\/www.facebook.com\/profile.php?id=100063689761446","article_published_time":"2025-11-14T20:11:27+00:00","article_modified_time":"2026-01-02T08:41:50+00:00","og_image":[{"width":2560,"height":1920,"url":"https:\/\/www.yogaimhof.de\/wp-content\/uploads\/2023\/02\/IMG_3731-scaled.jpeg","type":"image\/jpeg"}],"author":"admin","twitter_card":"summary_large_image","twitter_misc":{"Verfasst von":"admin","Gesch\u00e4tzte Lesezeit":"1\u00a0Minute"},"schema":{"@context":"https:\/\/schema.org","@graph":[{"@type":"Article","@id":"https:\/\/www.yogaimhof.de\/?p=7745#article","isPartOf":{"@id":"https:\/\/www.yogaimhof.de\/?p=7745"},"author":{"name":"admin","@id":"https:\/\/www.yogaimhof.de\/#\/schema\/person\/40639ab66b02febb41066df02d5e90ce"},"headline":"Yoga Intensiv mit Andrea und Gabi am Feiertag 6.1.26","datePublished":"2025-11-14T20:11:27+00:00","dateModified":"2026-01-02T08:41:50+00:00","mainEntityOfPage":{"@id":"https:\/\/www.yogaimhof.de\/?p=7745"},"wordCount":99,"publisher":{"@id":"https:\/\/www.yogaimhof.de\/#organization"},"image":{"@id":"https:\/\/www.yogaimhof.de\/?p=7745#primaryimage"},"thumbnailUrl":"https:\/\/www.yogaimhof.de\/wp-content\/uploads\/2023\/02\/IMG_3731-1024x768.jpeg","keywords":["Yoga im Bismarckviertel","Yoga in Augsburg","Yogaschule in Augsburg"],"articleSection":["Spezielle Kurse","Uncategorized","Workshops"],"inLanguage":"de"},{"@type":"WebPage","@id":"https:\/\/www.yogaimhof.de\/?p=7745","url":"https:\/\/www.yogaimhof.de\/?p=7745","name":"Yoga Intensiv mit Andrea und Gabi am Feiertag 6.1.26 - Yoga im Hof - seit 2005 in Augsburg","isPartOf":{"@id":"https:\/\/www.yogaimhof.de\/#website"},"primaryImageOfPage":{"@id":"https:\/\/www.yogaimhof.de\/?p=7745#primaryimage"},"image":{"@id":"https:\/\/www.yogaimhof.de\/?p=7745#primaryimage"},"thumbnailUrl":"https:\/\/www.yogaimhof.de\/wp-content\/uploads\/2023\/02\/IMG_3731-1024x768.jpeg","datePublished":"2025-11-14T20:11:27+00:00","dateModified":"2026-01-02T08:41:50+00:00","description":"\u00dcber 4 Stunden variieren und intensivieren wir die Pranayamapraxis und \u00fcben genau und detailreich K\u00f6rperhaltungen und Bewegungsabl\u00e4ufe.","breadcrumb":{"@id":"https:\/\/www.yogaimhof.de\/?p=7745#breadcrumb"},"inLanguage":"de","potentialAction":[{"@type":"ReadAction","target":["https:\/\/www.yogaimhof.de\/?p=7745"]}]},{"@type":"ImageObject","inLanguage":"de","@id":"https:\/\/www.yogaimhof.de\/?p=7745#primaryimage","url":"https:\/\/www.yogaimhof.de\/wp-content\/uploads\/2023\/02\/IMG_3731-scaled.jpeg","contentUrl":"https:\/\/www.yogaimhof.de\/wp-content\/uploads\/2023\/02\/IMG_3731-scaled.jpeg","width":2560,"height":1920},{"@type":"BreadcrumbList","@id":"https:\/\/www.yogaimhof.de\/?p=7745#breadcrumb","itemListElement":[{"@type":"ListItem","position":1,"name":"Startseite","item":"https:\/\/www.yogaimhof.de\/"},{"@type":"ListItem","position":2,"name":"Yoga Intensiv mit Andrea und Gabi am Feiertag 6.1.26"}]},{"@type":"WebSite","@id":"https:\/\/www.yogaimhof.de\/#website","url":"https:\/\/www.yogaimhof.de\/","name":"Yoga im Hof - seit 2005 in Augsburg","description":"Zeit f\u00fcr Yoga... Zeit f\u00fcr Dich.","publisher":{"@id":"https:\/\/www.yogaimhof.de\/#organization"},"potentialAction":[{"@type":"SearchAction","target":{"@type":"EntryPoint","urlTemplate":"https:\/\/www.yogaimhof.de\/?s={search_term_string}"},"query-input":{"@type":"PropertyValueSpecification","valueRequired":true,"valueName":"search_term_string"}}],"inLanguage":"de"},{"@type":"Organization","@id":"https:\/\/www.yogaimhof.de\/#organization","name":"Yoga im Hof - seit 2005 in Augsburg","url":"https:\/\/www.yogaimhof.de\/","logo":{"@type":"ImageObject","inLanguage":"de","@id":"https:\/\/www.yogaimhof.de\/#\/schema\/logo\/image\/","url":"https:\/\/www.yogaimhof.de\/wp-content\/uploads\/2018\/05\/Logo-YIH.png","contentUrl":"https:\/\/www.yogaimhof.de\/wp-content\/uploads\/2018\/05\/Logo-YIH.png","width":200,"height":198,"caption":"Yoga im Hof - seit 2005 in Augsburg"},"image":{"@id":"https:\/\/www.yogaimhof.de\/#\/schema\/logo\/image\/"},"sameAs":["https:\/\/www.facebook.com\/profile.php?id=100063689761446"]},{"@type":"Person","@id":"https:\/\/www.yogaimhof.de\/#\/schema\/person\/40639ab66b02febb41066df02d5e90ce","name":"admin","image":{"@type":"ImageObject","inLanguage":"de","@id":"https:\/\/secure.gravatar.com\/avatar\/7c94d33d7cae1142e0d8384ce86108dad6ea2c4a24c1c816625bcd8df15903cf?s=96&d=mm&r=g","url":"https:\/\/secure.gravatar.com\/avatar\/7c94d33d7cae1142e0d8384ce86108dad6ea2c4a24c1c816625bcd8df15903cf?s=96&d=mm&r=g","contentUrl":"https:\/\/secure.gravatar.com\/avatar\/7c94d33d7cae1142e0d8384ce86108dad6ea2c4a24c1c816625bcd8df15903cf?s=96&d=mm&r=g","caption":"admin"},"sameAs":["https:\/\/www.instagram.com\/yoga_im_hof_augsburg\/"],"url":"https:\/\/www.yogaimhof.de\/?author=1"}]}},"_links":{"self":[{"href":"https:\/\/www.yogaimhof.de\/index.php?rest_route=\/wp\/v2\/posts\/7745","targetHints":{"allow":["GET"]}}],"collection":[{"href":"https:\/\/www.yogaimhof.de\/index.php?rest_route=\/wp\/v2\/posts"}],"about":[{"href":"https:\/\/www.yogaimhof.de\/index.php?rest_route=\/wp\/v2\/types\/post"}],"author":[{"embeddable":true,"href":"https:\/\/www.yogaimhof.de\/index.php?rest_route=\/wp\/v2\/users\/1"}],"replies":[{"embeddable":true,"href":"https:\/\/www.yogaimhof.de\/index.php?rest_route=%2Fwp%2Fv2%2Fcomments&post=7745"}],"version-history":[{"count":9,"href":"https:\/\/www.yogaimhof.de\/index.php?rest_route=\/wp\/v2\/posts\/7745\/revisions"}],"predecessor-version":[{"id":7870,"href":"https:\/\/www.yogaimhof.de\/index.php?rest_route=\/wp\/v2\/posts\/7745\/revisions\/7870"}],"wp:attachment":[{"href":"https:\/\/www.yogaimhof.de\/index.php?rest_route=%2Fwp%2Fv2%2Fmedia&parent=7745"}],"wp:term":[{"taxonomy":"category","embeddable":true,"href":"https:\/\/www.yogaimhof.de\/index.php?rest_route=%2Fwp%2Fv2%2Fcategories&post=7745"},{"taxonomy":"post_tag","embeddable":true,"href":"https:\/\/www.yogaimhof.de\/index.php?rest_route=%2Fwp%2Fv2%2Ftags&post=7745"}],"curies":[{"name":"wp","href":"https:\/\/api.w.org\/{rel}","templated":true}]}}