{"id":7054,"date":"2025-04-14T08:41:53","date_gmt":"2025-04-14T07:41:53","guid":{"rendered":"https:\/\/www.yogaimhof.de\/?p=7054"},"modified":"2025-05-05T11:30:13","modified_gmt":"2025-05-05T10:30:13","slug":"after-work-meets-chakra-yoga-praeventionskurs-mit-eva-ab-5-5-25","status":"publish","type":"post","link":"https:\/\/www.yogaimhof.de\/?p=7054","title":{"rendered":"After Work meets Chakra Yoga Pr\u00e4ventionskurs mit Eva ab 5.5.25"},"content":{"rendered":"\n<p>!<strong>Kursstart wird verschoben! <\/strong><\/p>\n\n\n\n<p>Wer kennt das nicht: nach getaner Arbeit verl\u00e4sst du den Schreibtisch und f\u00fchlst dich irgendwie rund um unentspannt?\u00a0<br>Die Gedanken kreisen und verfolgen dich auch auf deiner Couch. Im Nacken sitzt jetzt kein Schelm, sondern es zwickt auf ganz unangenehme Weise und das Z\u00e4hneknirschen erz\u00e4hlt noch die eine oder andere Geschichte einer ungelebten Emotion des Tages.\u00a0Und jetzt?<\/p>\n\n\n\n<p><strong>Kursbeschreibung After Work Yoga meets Chakra:&nbsp;<\/strong><\/p>\n\n\n\n<p>Tausche die Knirscheschiene gegen die Yoga-Matte ein und erhole dich ganzheitlich bei einer regenerativen Stunde wohltuender Yoga Praxis.&nbsp;<br>Abwechslungsreiche und bew\u00e4hrte&nbsp;<strong>Entspannungstechniken<\/strong>&nbsp;bringen dich wieder in Kontakt mit dir, so dass du die Yoga Stunde optimal f\u00fcr dich nutzen kannst.&nbsp;<strong>Atem\u00fcbungen<\/strong>&nbsp;helfen den Geist zu fokussieren und dich auf die folgenden k\u00f6rperlichen \u00dcbungen ein zu lassen. Ruhige aber durchaus auch fordernde flie\u00dfende&nbsp;<strong>K\u00f6rper\u00fcbungen<\/strong>&nbsp;getragen von einem tiefen und stabilisierenden Atem wirken Fehlhaltungen aus dem Alltag entgegen. Es entsteht wieder Freude an Bewegung und ein neues &nbsp;K\u00f6rperbewusstsein, das dir auch im Alltag helfen wird, dich g\u00fcnstiger auszurichten und besser mit Stressoren umzugehen.&nbsp;<\/p>\n\n\n\n<p>Au\u00dferdem ist der Kurs eine kleine Reise durch das yogische Energiesystem. Die Yogis stellen sich vor, dass jedes der 7 Chakras neben allelei anderen Aufgaben auch f\u00fcr immer eine bestimmte K\u00f6rperregion zust\u00e4ndig ist. Wir starten mit Muladara Chakra, sorgen so k\u00f6rperlich und energetisch f\u00fcr eine stabile Basis und arbeiten uns dann pro Stunde eine Etage weiter nach oben bis zu Sahasrara Chakra. Die 8. Stunde steht dann energetisch unter dem Thema Aura und bietet nochmal eine Bewegungsreise durch den ganzen K\u00f6rper.<\/p>\n\n\n\n<p>Dieser Kurs und eignet sich f\u00fcr&nbsp;<strong>Anf\u00e4nger un<\/strong>d <strong>WiederEinsteiger.<\/strong>&nbsp;<\/p>\n\n\n\n<ul class=\"wp-block-list\">\n<li><strong>Termine<\/strong>: 8 x 60 Min., <strong>Montag,<\/strong> <strong>5.5.-30.6.2025<\/strong>&nbsp;(nicht am 9.6.Pfingstmontag)<\/li>\n\n\n\n<li><strong>Kurszeit<\/strong>: 19:45-20:45 Uhr&nbsp;<\/li>\n\n\n\n<li><strong>Ort:<\/strong>&nbsp;vor Ort bei Yoga im Hof<\/li>\n\n\n\n<li><strong>Kursleiterin:<\/strong>&nbsp;Eva Pohl&nbsp;<\/li>\n\n\n\n<li><strong>Kosten:<\/strong>&nbsp;115 Euro \/ 95 Euro (erm\u00e4\u00dfigt*); Yoga im Hof, IBAN: DE70 7315 0000 0000 4395 88, Sparkasse Schwaben-Bodensee<\/li>\n\n\n\n<li><strong>Anmeldung<\/strong>:&nbsp;<a href=\"mailto:info@yogaimhof.de\">info@yogaimhof.de<\/a> <\/li>\n\n\n\n<li><strong>Mindestteilnehmerzahl:<\/strong> 8 <\/li>\n\n\n\n<li><strong>Krankenkassenerstattung:<\/strong> Dieser Kurs ist Krankenkassenzertifiziert. Bei Teilnahme an mind. 7 von 8 Kursstunden \u00fcbernehmen viele Kassen (anteilig) die Kosten. <\/li>\n<\/ul>\n\n\n\n<p>*erm\u00e4\u00dfigt: Der erm\u00e4\u00dfigte Beitrag gilt f\u00fcr alle, die finanziell nicht so gut dastehen. Du entscheidest selbst und musst keine Rechenschaft ablegen.&nbsp;<\/p>\n\n\n\n<figure class=\"wp-block-image size-large\"><img loading=\"lazy\" decoding=\"async\" width=\"1024\" height=\"768\" src=\"https:\/\/www.yogaimhof.de\/wp-content\/uploads\/2023\/04\/IMG_6148-1024x768.jpeg\" alt=\"\" class=\"wp-image-5085\" srcset=\"https:\/\/www.yogaimhof.de\/wp-content\/uploads\/2023\/04\/IMG_6148-1024x768.jpeg 1024w, https:\/\/www.yogaimhof.de\/wp-content\/uploads\/2023\/04\/IMG_6148-300x225.jpeg 300w, https:\/\/www.yogaimhof.de\/wp-content\/uploads\/2023\/04\/IMG_6148-768x576.jpeg 768w, https:\/\/www.yogaimhof.de\/wp-content\/uploads\/2023\/04\/IMG_6148-1536x1152.jpeg 1536w, https:\/\/www.yogaimhof.de\/wp-content\/uploads\/2023\/04\/IMG_6148-2048x1536.jpeg 2048w\" sizes=\"auto, (max-width: 1024px) 100vw, 1024px\" \/><\/figure>\n","protected":false},"excerpt":{"rendered":"<p>!Kursstart wird verschoben! Wer kennt das nicht: nach getaner Arbeit verl\u00e4sst du den Schreibtisch und f\u00fchlst dich irgendwie rund um unentspannt?\u00a0Die Gedanken kreisen und verfolgen dich auch auf deiner Couch. Im Nacken sitzt jetzt kein Schelm, sondern es zwickt auf ganz unangenehme Weise und das Z\u00e4hneknirschen erz\u00e4hlt noch die eine oder andere Geschichte einer ungelebten [&hellip;]<\/p>\n","protected":false},"author":1,"featured_media":0,"comment_status":"closed","ping_status":"closed","sticky":false,"template":"","format":"standard","meta":{"footnotes":""},"categories":[214,1],"tags":[98,173],"class_list":["post-7054","post","type-post","status-publish","format-standard","hentry","category-praeventionskurse","category-uncategorized","tag-yoga-in-augsburg","tag-yogakurse"],"yoast_head":"<!-- This site is optimized with the Yoast SEO plugin v27.5 - https:\/\/yoast.com\/product\/yoast-seo-wordpress\/ -->\n<title>After Work meets Chakra Yoga Pr\u00e4ventionskurs mit Eva ab 5.5.25 - Yoga im Hof - seit 2005 in Augsburg<\/title>\n<meta name=\"description\" content=\"Eva bietet wieder einen von den Krankenkassen bezuschussten Pr\u00e4ventionskurs an. Das Thema dieses Mal sind die Chakren. Wer ist dabei?\" \/>\n<meta name=\"robots\" content=\"index, follow, max-snippet:-1, max-image-preview:large, max-video-preview:-1\" \/>\n<link rel=\"canonical\" href=\"https:\/\/www.yogaimhof.de\/?p=7054\" \/>\n<meta property=\"og:locale\" content=\"de_DE\" \/>\n<meta property=\"og:type\" content=\"article\" \/>\n<meta property=\"og:title\" content=\"After Work meets Chakra Yoga Pr\u00e4ventionskurs mit Eva ab 5.5.25 - Yoga im Hof - seit 2005 in Augsburg\" \/>\n<meta property=\"og:description\" content=\"Eva bietet wieder einen von den Krankenkassen bezuschussten Pr\u00e4ventionskurs an. Das Thema dieses Mal sind die Chakren. Wer ist dabei?\" \/>\n<meta property=\"og:url\" content=\"https:\/\/www.yogaimhof.de\/?p=7054\" \/>\n<meta property=\"og:site_name\" content=\"Yoga im Hof - seit 2005 in Augsburg\" \/>\n<meta property=\"article:publisher\" content=\"https:\/\/www.facebook.com\/profile.php?id=100063689761446\" \/>\n<meta property=\"article:published_time\" content=\"2025-04-14T07:41:53+00:00\" \/>\n<meta property=\"article:modified_time\" content=\"2025-05-05T10:30:13+00:00\" \/>\n<meta property=\"og:image\" content=\"https:\/\/www.yogaimhof.de\/wp-content\/uploads\/2023\/04\/IMG_6148-scaled.jpeg\" \/>\n\t<meta property=\"og:image:width\" content=\"2560\" \/>\n\t<meta property=\"og:image:height\" content=\"1920\" \/>\n\t<meta property=\"og:image:type\" content=\"image\/jpeg\" \/>\n<meta name=\"author\" content=\"admin\" \/>\n<meta name=\"twitter:card\" content=\"summary_large_image\" \/>\n<meta name=\"twitter:label1\" content=\"Verfasst von\" \/>\n\t<meta name=\"twitter:data1\" content=\"admin\" \/>\n\t<meta name=\"twitter:label2\" content=\"Gesch\u00e4tzte Lesezeit\" \/>\n\t<meta name=\"twitter:data2\" content=\"3\u00a0Minuten\" \/>\n<script type=\"application\/ld+json\" class=\"yoast-schema-graph\">{\"@context\":\"https:\\\/\\\/schema.org\",\"@graph\":[{\"@type\":\"Article\",\"@id\":\"https:\\\/\\\/www.yogaimhof.de\\\/?p=7054#article\",\"isPartOf\":{\"@id\":\"https:\\\/\\\/www.yogaimhof.de\\\/?p=7054\"},\"author\":{\"name\":\"admin\",\"@id\":\"https:\\\/\\\/www.yogaimhof.de\\\/#\\\/schema\\\/person\\\/40639ab66b02febb41066df02d5e90ce\"},\"headline\":\"After Work meets Chakra Yoga Pr\u00e4ventionskurs mit Eva ab 5.5.25\",\"datePublished\":\"2025-04-14T07:41:53+00:00\",\"dateModified\":\"2025-05-05T10:30:13+00:00\",\"mainEntityOfPage\":{\"@id\":\"https:\\\/\\\/www.yogaimhof.de\\\/?p=7054\"},\"wordCount\":387,\"publisher\":{\"@id\":\"https:\\\/\\\/www.yogaimhof.de\\\/#organization\"},\"image\":{\"@id\":\"https:\\\/\\\/www.yogaimhof.de\\\/?p=7054#primaryimage\"},\"thumbnailUrl\":\"https:\\\/\\\/www.yogaimhof.de\\\/wp-content\\\/uploads\\\/2023\\\/04\\\/IMG_6148-1024x768.jpeg\",\"keywords\":[\"Yoga in Augsburg\",\"Yogakurse\"],\"articleSection\":[\"Pr\u00e4ventionskurse\",\"Uncategorized\"],\"inLanguage\":\"de\"},{\"@type\":\"WebPage\",\"@id\":\"https:\\\/\\\/www.yogaimhof.de\\\/?p=7054\",\"url\":\"https:\\\/\\\/www.yogaimhof.de\\\/?p=7054\",\"name\":\"After Work meets Chakra Yoga Pr\u00e4ventionskurs mit Eva ab 5.5.25 - Yoga im Hof - seit 2005 in Augsburg\",\"isPartOf\":{\"@id\":\"https:\\\/\\\/www.yogaimhof.de\\\/#website\"},\"primaryImageOfPage\":{\"@id\":\"https:\\\/\\\/www.yogaimhof.de\\\/?p=7054#primaryimage\"},\"image\":{\"@id\":\"https:\\\/\\\/www.yogaimhof.de\\\/?p=7054#primaryimage\"},\"thumbnailUrl\":\"https:\\\/\\\/www.yogaimhof.de\\\/wp-content\\\/uploads\\\/2023\\\/04\\\/IMG_6148-1024x768.jpeg\",\"datePublished\":\"2025-04-14T07:41:53+00:00\",\"dateModified\":\"2025-05-05T10:30:13+00:00\",\"description\":\"Eva bietet wieder einen von den Krankenkassen bezuschussten Pr\u00e4ventionskurs an. Das Thema dieses Mal sind die Chakren. Wer ist dabei?\",\"breadcrumb\":{\"@id\":\"https:\\\/\\\/www.yogaimhof.de\\\/?p=7054#breadcrumb\"},\"inLanguage\":\"de\",\"potentialAction\":[{\"@type\":\"ReadAction\",\"target\":[\"https:\\\/\\\/www.yogaimhof.de\\\/?p=7054\"]}]},{\"@type\":\"ImageObject\",\"inLanguage\":\"de\",\"@id\":\"https:\\\/\\\/www.yogaimhof.de\\\/?p=7054#primaryimage\",\"url\":\"https:\\\/\\\/www.yogaimhof.de\\\/wp-content\\\/uploads\\\/2023\\\/04\\\/IMG_6148-1024x768.jpeg\",\"contentUrl\":\"https:\\\/\\\/www.yogaimhof.de\\\/wp-content\\\/uploads\\\/2023\\\/04\\\/IMG_6148-1024x768.jpeg\"},{\"@type\":\"BreadcrumbList\",\"@id\":\"https:\\\/\\\/www.yogaimhof.de\\\/?p=7054#breadcrumb\",\"itemListElement\":[{\"@type\":\"ListItem\",\"position\":1,\"name\":\"Startseite\",\"item\":\"https:\\\/\\\/www.yogaimhof.de\\\/\"},{\"@type\":\"ListItem\",\"position\":2,\"name\":\"After Work meets Chakra Yoga Pr\u00e4ventionskurs mit Eva ab 5.5.25\"}]},{\"@type\":\"WebSite\",\"@id\":\"https:\\\/\\\/www.yogaimhof.de\\\/#website\",\"url\":\"https:\\\/\\\/www.yogaimhof.de\\\/\",\"name\":\"Yoga im Hof - seit 2005 in Augsburg\",\"description\":\"Zeit f\u00fcr Yoga... Zeit f\u00fcr Dich.\",\"publisher\":{\"@id\":\"https:\\\/\\\/www.yogaimhof.de\\\/#organization\"},\"potentialAction\":[{\"@type\":\"SearchAction\",\"target\":{\"@type\":\"EntryPoint\",\"urlTemplate\":\"https:\\\/\\\/www.yogaimhof.de\\\/?s={search_term_string}\"},\"query-input\":{\"@type\":\"PropertyValueSpecification\",\"valueRequired\":true,\"valueName\":\"search_term_string\"}}],\"inLanguage\":\"de\"},{\"@type\":\"Organization\",\"@id\":\"https:\\\/\\\/www.yogaimhof.de\\\/#organization\",\"name\":\"Yoga im Hof - seit 2005 in Augsburg\",\"url\":\"https:\\\/\\\/www.yogaimhof.de\\\/\",\"logo\":{\"@type\":\"ImageObject\",\"inLanguage\":\"de\",\"@id\":\"https:\\\/\\\/www.yogaimhof.de\\\/#\\\/schema\\\/logo\\\/image\\\/\",\"url\":\"https:\\\/\\\/www.yogaimhof.de\\\/wp-content\\\/uploads\\\/2018\\\/05\\\/Logo-YIH.png\",\"contentUrl\":\"https:\\\/\\\/www.yogaimhof.de\\\/wp-content\\\/uploads\\\/2018\\\/05\\\/Logo-YIH.png\",\"width\":200,\"height\":198,\"caption\":\"Yoga im Hof - seit 2005 in Augsburg\"},\"image\":{\"@id\":\"https:\\\/\\\/www.yogaimhof.de\\\/#\\\/schema\\\/logo\\\/image\\\/\"},\"sameAs\":[\"https:\\\/\\\/www.facebook.com\\\/profile.php?id=100063689761446\"]},{\"@type\":\"Person\",\"@id\":\"https:\\\/\\\/www.yogaimhof.de\\\/#\\\/schema\\\/person\\\/40639ab66b02febb41066df02d5e90ce\",\"name\":\"admin\",\"image\":{\"@type\":\"ImageObject\",\"inLanguage\":\"de\",\"@id\":\"https:\\\/\\\/secure.gravatar.com\\\/avatar\\\/7c94d33d7cae1142e0d8384ce86108dad6ea2c4a24c1c816625bcd8df15903cf?s=96&d=mm&r=g\",\"url\":\"https:\\\/\\\/secure.gravatar.com\\\/avatar\\\/7c94d33d7cae1142e0d8384ce86108dad6ea2c4a24c1c816625bcd8df15903cf?s=96&d=mm&r=g\",\"contentUrl\":\"https:\\\/\\\/secure.gravatar.com\\\/avatar\\\/7c94d33d7cae1142e0d8384ce86108dad6ea2c4a24c1c816625bcd8df15903cf?s=96&d=mm&r=g\",\"caption\":\"admin\"},\"sameAs\":[\"https:\\\/\\\/www.instagram.com\\\/yoga_im_hof_augsburg\\\/\"],\"url\":\"https:\\\/\\\/www.yogaimhof.de\\\/?author=1\"}]}<\/script>\n<!-- \/ Yoast SEO plugin. -->","yoast_head_json":{"title":"After Work meets Chakra Yoga Pr\u00e4ventionskurs mit Eva ab 5.5.25 - Yoga im Hof - seit 2005 in Augsburg","description":"Eva bietet wieder einen von den Krankenkassen bezuschussten Pr\u00e4ventionskurs an. Das Thema dieses Mal sind die Chakren. Wer ist dabei?","robots":{"index":"index","follow":"follow","max-snippet":"max-snippet:-1","max-image-preview":"max-image-preview:large","max-video-preview":"max-video-preview:-1"},"canonical":"https:\/\/www.yogaimhof.de\/?p=7054","og_locale":"de_DE","og_type":"article","og_title":"After Work meets Chakra Yoga Pr\u00e4ventionskurs mit Eva ab 5.5.25 - Yoga im Hof - seit 2005 in Augsburg","og_description":"Eva bietet wieder einen von den Krankenkassen bezuschussten Pr\u00e4ventionskurs an. Das Thema dieses Mal sind die Chakren. Wer ist dabei?","og_url":"https:\/\/www.yogaimhof.de\/?p=7054","og_site_name":"Yoga im Hof - seit 2005 in Augsburg","article_publisher":"https:\/\/www.facebook.com\/profile.php?id=100063689761446","article_published_time":"2025-04-14T07:41:53+00:00","article_modified_time":"2025-05-05T10:30:13+00:00","og_image":[{"width":2560,"height":1920,"url":"https:\/\/www.yogaimhof.de\/wp-content\/uploads\/2023\/04\/IMG_6148-scaled.jpeg","type":"image\/jpeg"}],"author":"admin","twitter_card":"summary_large_image","twitter_misc":{"Verfasst von":"admin","Gesch\u00e4tzte Lesezeit":"3\u00a0Minuten"},"schema":{"@context":"https:\/\/schema.org","@graph":[{"@type":"Article","@id":"https:\/\/www.yogaimhof.de\/?p=7054#article","isPartOf":{"@id":"https:\/\/www.yogaimhof.de\/?p=7054"},"author":{"name":"admin","@id":"https:\/\/www.yogaimhof.de\/#\/schema\/person\/40639ab66b02febb41066df02d5e90ce"},"headline":"After Work meets Chakra Yoga Pr\u00e4ventionskurs mit Eva ab 5.5.25","datePublished":"2025-04-14T07:41:53+00:00","dateModified":"2025-05-05T10:30:13+00:00","mainEntityOfPage":{"@id":"https:\/\/www.yogaimhof.de\/?p=7054"},"wordCount":387,"publisher":{"@id":"https:\/\/www.yogaimhof.de\/#organization"},"image":{"@id":"https:\/\/www.yogaimhof.de\/?p=7054#primaryimage"},"thumbnailUrl":"https:\/\/www.yogaimhof.de\/wp-content\/uploads\/2023\/04\/IMG_6148-1024x768.jpeg","keywords":["Yoga in Augsburg","Yogakurse"],"articleSection":["Pr\u00e4ventionskurse","Uncategorized"],"inLanguage":"de"},{"@type":"WebPage","@id":"https:\/\/www.yogaimhof.de\/?p=7054","url":"https:\/\/www.yogaimhof.de\/?p=7054","name":"After Work meets Chakra Yoga Pr\u00e4ventionskurs mit Eva ab 5.5.25 - Yoga im Hof - seit 2005 in Augsburg","isPartOf":{"@id":"https:\/\/www.yogaimhof.de\/#website"},"primaryImageOfPage":{"@id":"https:\/\/www.yogaimhof.de\/?p=7054#primaryimage"},"image":{"@id":"https:\/\/www.yogaimhof.de\/?p=7054#primaryimage"},"thumbnailUrl":"https:\/\/www.yogaimhof.de\/wp-content\/uploads\/2023\/04\/IMG_6148-1024x768.jpeg","datePublished":"2025-04-14T07:41:53+00:00","dateModified":"2025-05-05T10:30:13+00:00","description":"Eva bietet wieder einen von den Krankenkassen bezuschussten Pr\u00e4ventionskurs an. Das Thema dieses Mal sind die Chakren. Wer ist dabei?","breadcrumb":{"@id":"https:\/\/www.yogaimhof.de\/?p=7054#breadcrumb"},"inLanguage":"de","potentialAction":[{"@type":"ReadAction","target":["https:\/\/www.yogaimhof.de\/?p=7054"]}]},{"@type":"ImageObject","inLanguage":"de","@id":"https:\/\/www.yogaimhof.de\/?p=7054#primaryimage","url":"https:\/\/www.yogaimhof.de\/wp-content\/uploads\/2023\/04\/IMG_6148-1024x768.jpeg","contentUrl":"https:\/\/www.yogaimhof.de\/wp-content\/uploads\/2023\/04\/IMG_6148-1024x768.jpeg"},{"@type":"BreadcrumbList","@id":"https:\/\/www.yogaimhof.de\/?p=7054#breadcrumb","itemListElement":[{"@type":"ListItem","position":1,"name":"Startseite","item":"https:\/\/www.yogaimhof.de\/"},{"@type":"ListItem","position":2,"name":"After Work meets Chakra Yoga Pr\u00e4ventionskurs mit Eva ab 5.5.25"}]},{"@type":"WebSite","@id":"https:\/\/www.yogaimhof.de\/#website","url":"https:\/\/www.yogaimhof.de\/","name":"Yoga im Hof - seit 2005 in Augsburg","description":"Zeit f\u00fcr Yoga... Zeit f\u00fcr Dich.","publisher":{"@id":"https:\/\/www.yogaimhof.de\/#organization"},"potentialAction":[{"@type":"SearchAction","target":{"@type":"EntryPoint","urlTemplate":"https:\/\/www.yogaimhof.de\/?s={search_term_string}"},"query-input":{"@type":"PropertyValueSpecification","valueRequired":true,"valueName":"search_term_string"}}],"inLanguage":"de"},{"@type":"Organization","@id":"https:\/\/www.yogaimhof.de\/#organization","name":"Yoga im Hof - seit 2005 in Augsburg","url":"https:\/\/www.yogaimhof.de\/","logo":{"@type":"ImageObject","inLanguage":"de","@id":"https:\/\/www.yogaimhof.de\/#\/schema\/logo\/image\/","url":"https:\/\/www.yogaimhof.de\/wp-content\/uploads\/2018\/05\/Logo-YIH.png","contentUrl":"https:\/\/www.yogaimhof.de\/wp-content\/uploads\/2018\/05\/Logo-YIH.png","width":200,"height":198,"caption":"Yoga im Hof - seit 2005 in Augsburg"},"image":{"@id":"https:\/\/www.yogaimhof.de\/#\/schema\/logo\/image\/"},"sameAs":["https:\/\/www.facebook.com\/profile.php?id=100063689761446"]},{"@type":"Person","@id":"https:\/\/www.yogaimhof.de\/#\/schema\/person\/40639ab66b02febb41066df02d5e90ce","name":"admin","image":{"@type":"ImageObject","inLanguage":"de","@id":"https:\/\/secure.gravatar.com\/avatar\/7c94d33d7cae1142e0d8384ce86108dad6ea2c4a24c1c816625bcd8df15903cf?s=96&d=mm&r=g","url":"https:\/\/secure.gravatar.com\/avatar\/7c94d33d7cae1142e0d8384ce86108dad6ea2c4a24c1c816625bcd8df15903cf?s=96&d=mm&r=g","contentUrl":"https:\/\/secure.gravatar.com\/avatar\/7c94d33d7cae1142e0d8384ce86108dad6ea2c4a24c1c816625bcd8df15903cf?s=96&d=mm&r=g","caption":"admin"},"sameAs":["https:\/\/www.instagram.com\/yoga_im_hof_augsburg\/"],"url":"https:\/\/www.yogaimhof.de\/?author=1"}]}},"_links":{"self":[{"href":"https:\/\/www.yogaimhof.de\/index.php?rest_route=\/wp\/v2\/posts\/7054","targetHints":{"allow":["GET"]}}],"collection":[{"href":"https:\/\/www.yogaimhof.de\/index.php?rest_route=\/wp\/v2\/posts"}],"about":[{"href":"https:\/\/www.yogaimhof.de\/index.php?rest_route=\/wp\/v2\/types\/post"}],"author":[{"embeddable":true,"href":"https:\/\/www.yogaimhof.de\/index.php?rest_route=\/wp\/v2\/users\/1"}],"replies":[{"embeddable":true,"href":"https:\/\/www.yogaimhof.de\/index.php?rest_route=%2Fwp%2Fv2%2Fcomments&post=7054"}],"version-history":[{"count":4,"href":"https:\/\/www.yogaimhof.de\/index.php?rest_route=\/wp\/v2\/posts\/7054\/revisions"}],"predecessor-version":[{"id":7103,"href":"https:\/\/www.yogaimhof.de\/index.php?rest_route=\/wp\/v2\/posts\/7054\/revisions\/7103"}],"wp:attachment":[{"href":"https:\/\/www.yogaimhof.de\/index.php?rest_route=%2Fwp%2Fv2%2Fmedia&parent=7054"}],"wp:term":[{"taxonomy":"category","embeddable":true,"href":"https:\/\/www.yogaimhof.de\/index.php?rest_route=%2Fwp%2Fv2%2Fcategories&post=7054"},{"taxonomy":"post_tag","embeddable":true,"href":"https:\/\/www.yogaimhof.de\/index.php?rest_route=%2Fwp%2Fv2%2Ftags&post=7054"}],"curies":[{"name":"wp","href":"https:\/\/api.w.org\/{rel}","templated":true}]}}