{"id":5703,"date":"2023-10-26T14:31:12","date_gmt":"2023-10-26T13:31:12","guid":{"rendered":"https:\/\/www.yogaimhof.de\/?p=5703"},"modified":"2023-11-26T15:20:24","modified_gmt":"2023-11-26T14:20:24","slug":"yoga-meets-mantra-samstag-4-11-mit-eva","status":"publish","type":"post","link":"https:\/\/www.yogaimhof.de\/?p=5703","title":{"rendered":"&#8222;Yoga meets Mantra&#8220; Samstag, 25.11. mit Eva"},"content":{"rendered":"\n<p><\/p>\n\n\n\n<p>Du hast Lust Dich im Flow von Mantras zu bewegen? <\/p>\n\n\n\n<p>Dann bist du hier richtig. Dich erwartet eine abwechslungsreiche Yogastunde zu Mantrakl\u00e4ngen aus verschiedenen Yogarichtungen. Wir kombinieren Pranayama, energetische Flows, kraftvolle Halte\u00fcbungen mit Sp\u00fcr- und Entspannungsphasen, getragen von modernen Mantrakl\u00e4ngen. Dabei bemerken wir auch immer wieder die Stille, auf der sich die Mantras wie ein Klangteppich entfalten k\u00f6nnen und so auch die entsprechenden Seiten in uns anschlagen. <\/p>\n\n\n\n<p>Neugierig geworden? Dann freue ich mich auf Dein Kommen.<\/p>\n\n\n\n<p><\/p>\n\n\n\n<p>Termin<strong>: Samstag, 25.11. von 16.30 bis 18 Uhr<\/strong><\/p>\n\n\n\n<p>Ort: <strong>Yoga im Hof,<\/strong> <strong>nur in Pr\u00e4senz<\/strong>, keine Anmeldung notwendig  <\/p>\n\n\n\n<p>Niveau: Yoga I <\/p>\n\n\n\n<p>Kosten: 1 Punkt auf der Punkte\/Schnupperkarte, mit Flatrate oder 18 EUR einzeln <\/p>\n\n\n\n<p><\/p>\n\n\n\n<figure class=\"wp-block-image\"><img loading=\"lazy\" decoding=\"async\" width=\"2560\" height=\"1920\" src=\"https:\/\/www.yogaimhof.de\/wp-content\/uploads\/2023\/04\/IMG_6148-scaled.jpeg\" alt=\"\" class=\"wp-image-5085\" srcset=\"https:\/\/www.yogaimhof.de\/wp-content\/uploads\/2023\/04\/IMG_6148-scaled.jpeg 2560w, https:\/\/www.yogaimhof.de\/wp-content\/uploads\/2023\/04\/IMG_6148-300x225.jpeg 300w, https:\/\/www.yogaimhof.de\/wp-content\/uploads\/2023\/04\/IMG_6148-1024x768.jpeg 1024w, https:\/\/www.yogaimhof.de\/wp-content\/uploads\/2023\/04\/IMG_6148-768x576.jpeg 768w, https:\/\/www.yogaimhof.de\/wp-content\/uploads\/2023\/04\/IMG_6148-1536x1152.jpeg 1536w, https:\/\/www.yogaimhof.de\/wp-content\/uploads\/2023\/04\/IMG_6148-2048x1536.jpeg 2048w\" sizes=\"auto, (max-width: 2560px) 100vw, 2560px\" \/><\/figure>\n","protected":false},"excerpt":{"rendered":"<p>Du hast Lust Dich im Flow von Mantras zu bewegen? Dann bist du hier richtig. Dich erwartet eine abwechslungsreiche Yogastunde zu Mantrakl\u00e4ngen aus verschiedenen Yogarichtungen. Wir kombinieren Pranayama, energetische Flows, kraftvolle Halte\u00fcbungen mit Sp\u00fcr- und Entspannungsphasen, getragen von modernen Mantrakl\u00e4ngen. Dabei bemerken wir auch immer wieder die Stille, auf der sich die Mantras wie ein [&hellip;]<\/p>\n","protected":false},"author":1,"featured_media":0,"comment_status":"closed","ping_status":"closed","sticky":false,"template":"","format":"standard","meta":{"footnotes":""},"categories":[14,1],"tags":[24,98],"class_list":["post-5703","post","type-post","status-publish","format-standard","hentry","category-mantras","category-uncategorized","tag-yoga","tag-yoga-in-augsburg"],"yoast_head":"<!-- This site is optimized with the Yoast SEO plugin v27.5 - https:\/\/yoast.com\/product\/yoast-seo-wordpress\/ -->\n<title>&quot;Yoga meets Mantra&quot; Samstag, 25.11. mit Eva - Yoga im Hof - seit 2005 in Augsburg<\/title>\n<meta name=\"description\" content=\"Dich erwartet eine abwechslungsreiche Yogastunde zu Mantrakl\u00e4ngen aus verschiedenen Yogarichtungen. Wir kombinieren Pranayama, energetische Flows, kraftvolle Halte\u00fcbungen mit Sp\u00fcr- und Entspannungsphasen, getragen von modernen Mantrakl\u00e4ngen.\" \/>\n<meta name=\"robots\" content=\"index, follow, max-snippet:-1, max-image-preview:large, max-video-preview:-1\" \/>\n<link rel=\"canonical\" href=\"https:\/\/www.yogaimhof.de\/?p=5703\" \/>\n<meta property=\"og:locale\" content=\"de_DE\" \/>\n<meta property=\"og:type\" content=\"article\" \/>\n<meta property=\"og:title\" content=\"&quot;Yoga meets Mantra&quot; Samstag, 25.11. mit Eva - Yoga im Hof - seit 2005 in Augsburg\" \/>\n<meta property=\"og:description\" content=\"Dich erwartet eine abwechslungsreiche Yogastunde zu Mantrakl\u00e4ngen aus verschiedenen Yogarichtungen. Wir kombinieren Pranayama, energetische Flows, kraftvolle Halte\u00fcbungen mit Sp\u00fcr- und Entspannungsphasen, getragen von modernen Mantrakl\u00e4ngen.\" \/>\n<meta property=\"og:url\" content=\"https:\/\/www.yogaimhof.de\/?p=5703\" \/>\n<meta property=\"og:site_name\" content=\"Yoga im Hof - seit 2005 in Augsburg\" \/>\n<meta property=\"article:publisher\" content=\"https:\/\/www.facebook.com\/profile.php?id=100063689761446\" \/>\n<meta property=\"article:published_time\" content=\"2023-10-26T13:31:12+00:00\" \/>\n<meta property=\"article:modified_time\" content=\"2023-11-26T14:20:24+00:00\" \/>\n<meta property=\"og:image\" content=\"https:\/\/www.yogaimhof.de\/wp-content\/uploads\/2023\/04\/IMG_6148-scaled.jpeg\" \/>\n<meta name=\"author\" content=\"admin\" \/>\n<meta name=\"twitter:card\" content=\"summary_large_image\" \/>\n<meta name=\"twitter:label1\" content=\"Verfasst von\" \/>\n\t<meta name=\"twitter:data1\" content=\"admin\" \/>\n\t<meta name=\"twitter:label2\" content=\"Gesch\u00e4tzte Lesezeit\" \/>\n\t<meta name=\"twitter:data2\" content=\"1\u00a0Minute\" \/>\n<script type=\"application\/ld+json\" class=\"yoast-schema-graph\">{\"@context\":\"https:\\\/\\\/schema.org\",\"@graph\":[{\"@type\":\"Article\",\"@id\":\"https:\\\/\\\/www.yogaimhof.de\\\/?p=5703#article\",\"isPartOf\":{\"@id\":\"https:\\\/\\\/www.yogaimhof.de\\\/?p=5703\"},\"author\":{\"name\":\"admin\",\"@id\":\"https:\\\/\\\/www.yogaimhof.de\\\/#\\\/schema\\\/person\\\/40639ab66b02febb41066df02d5e90ce\"},\"headline\":\"&#8222;Yoga meets Mantra&#8220; Samstag, 25.11. mit Eva\",\"datePublished\":\"2023-10-26T13:31:12+00:00\",\"dateModified\":\"2023-11-26T14:20:24+00:00\",\"mainEntityOfPage\":{\"@id\":\"https:\\\/\\\/www.yogaimhof.de\\\/?p=5703\"},\"wordCount\":117,\"publisher\":{\"@id\":\"https:\\\/\\\/www.yogaimhof.de\\\/#organization\"},\"image\":{\"@id\":\"https:\\\/\\\/www.yogaimhof.de\\\/?p=5703#primaryimage\"},\"thumbnailUrl\":\"https:\\\/\\\/www.yogaimhof.de\\\/wp-content\\\/uploads\\\/2023\\\/04\\\/IMG_6148-scaled.jpeg\",\"keywords\":[\"Yoga\",\"Yoga in Augsburg\"],\"articleSection\":[\"Mantras\",\"Uncategorized\"],\"inLanguage\":\"de\"},{\"@type\":\"WebPage\",\"@id\":\"https:\\\/\\\/www.yogaimhof.de\\\/?p=5703\",\"url\":\"https:\\\/\\\/www.yogaimhof.de\\\/?p=5703\",\"name\":\"\\\"Yoga meets Mantra\\\" Samstag, 25.11. mit Eva - Yoga im Hof - seit 2005 in Augsburg\",\"isPartOf\":{\"@id\":\"https:\\\/\\\/www.yogaimhof.de\\\/#website\"},\"primaryImageOfPage\":{\"@id\":\"https:\\\/\\\/www.yogaimhof.de\\\/?p=5703#primaryimage\"},\"image\":{\"@id\":\"https:\\\/\\\/www.yogaimhof.de\\\/?p=5703#primaryimage\"},\"thumbnailUrl\":\"https:\\\/\\\/www.yogaimhof.de\\\/wp-content\\\/uploads\\\/2023\\\/04\\\/IMG_6148-scaled.jpeg\",\"datePublished\":\"2023-10-26T13:31:12+00:00\",\"dateModified\":\"2023-11-26T14:20:24+00:00\",\"description\":\"Dich erwartet eine abwechslungsreiche Yogastunde zu Mantrakl\u00e4ngen aus verschiedenen Yogarichtungen. Wir kombinieren Pranayama, energetische Flows, kraftvolle Halte\u00fcbungen mit Sp\u00fcr- und Entspannungsphasen, getragen von modernen Mantrakl\u00e4ngen.\",\"breadcrumb\":{\"@id\":\"https:\\\/\\\/www.yogaimhof.de\\\/?p=5703#breadcrumb\"},\"inLanguage\":\"de\",\"potentialAction\":[{\"@type\":\"ReadAction\",\"target\":[\"https:\\\/\\\/www.yogaimhof.de\\\/?p=5703\"]}]},{\"@type\":\"ImageObject\",\"inLanguage\":\"de\",\"@id\":\"https:\\\/\\\/www.yogaimhof.de\\\/?p=5703#primaryimage\",\"url\":\"https:\\\/\\\/www.yogaimhof.de\\\/wp-content\\\/uploads\\\/2023\\\/04\\\/IMG_6148-scaled.jpeg\",\"contentUrl\":\"https:\\\/\\\/www.yogaimhof.de\\\/wp-content\\\/uploads\\\/2023\\\/04\\\/IMG_6148-scaled.jpeg\",\"width\":2560,\"height\":1920},{\"@type\":\"BreadcrumbList\",\"@id\":\"https:\\\/\\\/www.yogaimhof.de\\\/?p=5703#breadcrumb\",\"itemListElement\":[{\"@type\":\"ListItem\",\"position\":1,\"name\":\"Startseite\",\"item\":\"https:\\\/\\\/www.yogaimhof.de\\\/\"},{\"@type\":\"ListItem\",\"position\":2,\"name\":\"&#8220;Yoga meets Mantra&#8221; Samstag, 25.11. mit Eva\"}]},{\"@type\":\"WebSite\",\"@id\":\"https:\\\/\\\/www.yogaimhof.de\\\/#website\",\"url\":\"https:\\\/\\\/www.yogaimhof.de\\\/\",\"name\":\"Yoga im Hof - seit 2005 in Augsburg\",\"description\":\"Zeit f\u00fcr Yoga... Zeit f\u00fcr Dich.\",\"publisher\":{\"@id\":\"https:\\\/\\\/www.yogaimhof.de\\\/#organization\"},\"potentialAction\":[{\"@type\":\"SearchAction\",\"target\":{\"@type\":\"EntryPoint\",\"urlTemplate\":\"https:\\\/\\\/www.yogaimhof.de\\\/?s={search_term_string}\"},\"query-input\":{\"@type\":\"PropertyValueSpecification\",\"valueRequired\":true,\"valueName\":\"search_term_string\"}}],\"inLanguage\":\"de\"},{\"@type\":\"Organization\",\"@id\":\"https:\\\/\\\/www.yogaimhof.de\\\/#organization\",\"name\":\"Yoga im Hof - seit 2005 in Augsburg\",\"url\":\"https:\\\/\\\/www.yogaimhof.de\\\/\",\"logo\":{\"@type\":\"ImageObject\",\"inLanguage\":\"de\",\"@id\":\"https:\\\/\\\/www.yogaimhof.de\\\/#\\\/schema\\\/logo\\\/image\\\/\",\"url\":\"https:\\\/\\\/www.yogaimhof.de\\\/wp-content\\\/uploads\\\/2018\\\/05\\\/Logo-YIH.png\",\"contentUrl\":\"https:\\\/\\\/www.yogaimhof.de\\\/wp-content\\\/uploads\\\/2018\\\/05\\\/Logo-YIH.png\",\"width\":200,\"height\":198,\"caption\":\"Yoga im Hof - seit 2005 in Augsburg\"},\"image\":{\"@id\":\"https:\\\/\\\/www.yogaimhof.de\\\/#\\\/schema\\\/logo\\\/image\\\/\"},\"sameAs\":[\"https:\\\/\\\/www.facebook.com\\\/profile.php?id=100063689761446\"]},{\"@type\":\"Person\",\"@id\":\"https:\\\/\\\/www.yogaimhof.de\\\/#\\\/schema\\\/person\\\/40639ab66b02febb41066df02d5e90ce\",\"name\":\"admin\",\"image\":{\"@type\":\"ImageObject\",\"inLanguage\":\"de\",\"@id\":\"https:\\\/\\\/secure.gravatar.com\\\/avatar\\\/7c94d33d7cae1142e0d8384ce86108dad6ea2c4a24c1c816625bcd8df15903cf?s=96&d=mm&r=g\",\"url\":\"https:\\\/\\\/secure.gravatar.com\\\/avatar\\\/7c94d33d7cae1142e0d8384ce86108dad6ea2c4a24c1c816625bcd8df15903cf?s=96&d=mm&r=g\",\"contentUrl\":\"https:\\\/\\\/secure.gravatar.com\\\/avatar\\\/7c94d33d7cae1142e0d8384ce86108dad6ea2c4a24c1c816625bcd8df15903cf?s=96&d=mm&r=g\",\"caption\":\"admin\"},\"sameAs\":[\"https:\\\/\\\/www.instagram.com\\\/yoga_im_hof_augsburg\\\/\"],\"url\":\"https:\\\/\\\/www.yogaimhof.de\\\/?author=1\"}]}<\/script>\n<!-- \/ Yoast SEO plugin. -->","yoast_head_json":{"title":"\"Yoga meets Mantra\" Samstag, 25.11. mit Eva - Yoga im Hof - seit 2005 in Augsburg","description":"Dich erwartet eine abwechslungsreiche Yogastunde zu Mantrakl\u00e4ngen aus verschiedenen Yogarichtungen. Wir kombinieren Pranayama, energetische Flows, kraftvolle Halte\u00fcbungen mit Sp\u00fcr- und Entspannungsphasen, getragen von modernen Mantrakl\u00e4ngen.","robots":{"index":"index","follow":"follow","max-snippet":"max-snippet:-1","max-image-preview":"max-image-preview:large","max-video-preview":"max-video-preview:-1"},"canonical":"https:\/\/www.yogaimhof.de\/?p=5703","og_locale":"de_DE","og_type":"article","og_title":"\"Yoga meets Mantra\" Samstag, 25.11. mit Eva - Yoga im Hof - seit 2005 in Augsburg","og_description":"Dich erwartet eine abwechslungsreiche Yogastunde zu Mantrakl\u00e4ngen aus verschiedenen Yogarichtungen. Wir kombinieren Pranayama, energetische Flows, kraftvolle Halte\u00fcbungen mit Sp\u00fcr- und Entspannungsphasen, getragen von modernen Mantrakl\u00e4ngen.","og_url":"https:\/\/www.yogaimhof.de\/?p=5703","og_site_name":"Yoga im Hof - seit 2005 in Augsburg","article_publisher":"https:\/\/www.facebook.com\/profile.php?id=100063689761446","article_published_time":"2023-10-26T13:31:12+00:00","article_modified_time":"2023-11-26T14:20:24+00:00","og_image":[{"url":"https:\/\/www.yogaimhof.de\/wp-content\/uploads\/2023\/04\/IMG_6148-scaled.jpeg","type":"","width":"","height":""}],"author":"admin","twitter_card":"summary_large_image","twitter_misc":{"Verfasst von":"admin","Gesch\u00e4tzte Lesezeit":"1\u00a0Minute"},"schema":{"@context":"https:\/\/schema.org","@graph":[{"@type":"Article","@id":"https:\/\/www.yogaimhof.de\/?p=5703#article","isPartOf":{"@id":"https:\/\/www.yogaimhof.de\/?p=5703"},"author":{"name":"admin","@id":"https:\/\/www.yogaimhof.de\/#\/schema\/person\/40639ab66b02febb41066df02d5e90ce"},"headline":"&#8222;Yoga meets Mantra&#8220; Samstag, 25.11. mit Eva","datePublished":"2023-10-26T13:31:12+00:00","dateModified":"2023-11-26T14:20:24+00:00","mainEntityOfPage":{"@id":"https:\/\/www.yogaimhof.de\/?p=5703"},"wordCount":117,"publisher":{"@id":"https:\/\/www.yogaimhof.de\/#organization"},"image":{"@id":"https:\/\/www.yogaimhof.de\/?p=5703#primaryimage"},"thumbnailUrl":"https:\/\/www.yogaimhof.de\/wp-content\/uploads\/2023\/04\/IMG_6148-scaled.jpeg","keywords":["Yoga","Yoga in Augsburg"],"articleSection":["Mantras","Uncategorized"],"inLanguage":"de"},{"@type":"WebPage","@id":"https:\/\/www.yogaimhof.de\/?p=5703","url":"https:\/\/www.yogaimhof.de\/?p=5703","name":"\"Yoga meets Mantra\" Samstag, 25.11. mit Eva - Yoga im Hof - seit 2005 in Augsburg","isPartOf":{"@id":"https:\/\/www.yogaimhof.de\/#website"},"primaryImageOfPage":{"@id":"https:\/\/www.yogaimhof.de\/?p=5703#primaryimage"},"image":{"@id":"https:\/\/www.yogaimhof.de\/?p=5703#primaryimage"},"thumbnailUrl":"https:\/\/www.yogaimhof.de\/wp-content\/uploads\/2023\/04\/IMG_6148-scaled.jpeg","datePublished":"2023-10-26T13:31:12+00:00","dateModified":"2023-11-26T14:20:24+00:00","description":"Dich erwartet eine abwechslungsreiche Yogastunde zu Mantrakl\u00e4ngen aus verschiedenen Yogarichtungen. Wir kombinieren Pranayama, energetische Flows, kraftvolle Halte\u00fcbungen mit Sp\u00fcr- und Entspannungsphasen, getragen von modernen Mantrakl\u00e4ngen.","breadcrumb":{"@id":"https:\/\/www.yogaimhof.de\/?p=5703#breadcrumb"},"inLanguage":"de","potentialAction":[{"@type":"ReadAction","target":["https:\/\/www.yogaimhof.de\/?p=5703"]}]},{"@type":"ImageObject","inLanguage":"de","@id":"https:\/\/www.yogaimhof.de\/?p=5703#primaryimage","url":"https:\/\/www.yogaimhof.de\/wp-content\/uploads\/2023\/04\/IMG_6148-scaled.jpeg","contentUrl":"https:\/\/www.yogaimhof.de\/wp-content\/uploads\/2023\/04\/IMG_6148-scaled.jpeg","width":2560,"height":1920},{"@type":"BreadcrumbList","@id":"https:\/\/www.yogaimhof.de\/?p=5703#breadcrumb","itemListElement":[{"@type":"ListItem","position":1,"name":"Startseite","item":"https:\/\/www.yogaimhof.de\/"},{"@type":"ListItem","position":2,"name":"&#8220;Yoga meets Mantra&#8221; Samstag, 25.11. mit Eva"}]},{"@type":"WebSite","@id":"https:\/\/www.yogaimhof.de\/#website","url":"https:\/\/www.yogaimhof.de\/","name":"Yoga im Hof - seit 2005 in Augsburg","description":"Zeit f\u00fcr Yoga... Zeit f\u00fcr Dich.","publisher":{"@id":"https:\/\/www.yogaimhof.de\/#organization"},"potentialAction":[{"@type":"SearchAction","target":{"@type":"EntryPoint","urlTemplate":"https:\/\/www.yogaimhof.de\/?s={search_term_string}"},"query-input":{"@type":"PropertyValueSpecification","valueRequired":true,"valueName":"search_term_string"}}],"inLanguage":"de"},{"@type":"Organization","@id":"https:\/\/www.yogaimhof.de\/#organization","name":"Yoga im Hof - seit 2005 in Augsburg","url":"https:\/\/www.yogaimhof.de\/","logo":{"@type":"ImageObject","inLanguage":"de","@id":"https:\/\/www.yogaimhof.de\/#\/schema\/logo\/image\/","url":"https:\/\/www.yogaimhof.de\/wp-content\/uploads\/2018\/05\/Logo-YIH.png","contentUrl":"https:\/\/www.yogaimhof.de\/wp-content\/uploads\/2018\/05\/Logo-YIH.png","width":200,"height":198,"caption":"Yoga im Hof - seit 2005 in Augsburg"},"image":{"@id":"https:\/\/www.yogaimhof.de\/#\/schema\/logo\/image\/"},"sameAs":["https:\/\/www.facebook.com\/profile.php?id=100063689761446"]},{"@type":"Person","@id":"https:\/\/www.yogaimhof.de\/#\/schema\/person\/40639ab66b02febb41066df02d5e90ce","name":"admin","image":{"@type":"ImageObject","inLanguage":"de","@id":"https:\/\/secure.gravatar.com\/avatar\/7c94d33d7cae1142e0d8384ce86108dad6ea2c4a24c1c816625bcd8df15903cf?s=96&d=mm&r=g","url":"https:\/\/secure.gravatar.com\/avatar\/7c94d33d7cae1142e0d8384ce86108dad6ea2c4a24c1c816625bcd8df15903cf?s=96&d=mm&r=g","contentUrl":"https:\/\/secure.gravatar.com\/avatar\/7c94d33d7cae1142e0d8384ce86108dad6ea2c4a24c1c816625bcd8df15903cf?s=96&d=mm&r=g","caption":"admin"},"sameAs":["https:\/\/www.instagram.com\/yoga_im_hof_augsburg\/"],"url":"https:\/\/www.yogaimhof.de\/?author=1"}]}},"_links":{"self":[{"href":"https:\/\/www.yogaimhof.de\/index.php?rest_route=\/wp\/v2\/posts\/5703","targetHints":{"allow":["GET"]}}],"collection":[{"href":"https:\/\/www.yogaimhof.de\/index.php?rest_route=\/wp\/v2\/posts"}],"about":[{"href":"https:\/\/www.yogaimhof.de\/index.php?rest_route=\/wp\/v2\/types\/post"}],"author":[{"embeddable":true,"href":"https:\/\/www.yogaimhof.de\/index.php?rest_route=\/wp\/v2\/users\/1"}],"replies":[{"embeddable":true,"href":"https:\/\/www.yogaimhof.de\/index.php?rest_route=%2Fwp%2Fv2%2Fcomments&post=5703"}],"version-history":[{"count":6,"href":"https:\/\/www.yogaimhof.de\/index.php?rest_route=\/wp\/v2\/posts\/5703\/revisions"}],"predecessor-version":[{"id":5780,"href":"https:\/\/www.yogaimhof.de\/index.php?rest_route=\/wp\/v2\/posts\/5703\/revisions\/5780"}],"wp:attachment":[{"href":"https:\/\/www.yogaimhof.de\/index.php?rest_route=%2Fwp%2Fv2%2Fmedia&parent=5703"}],"wp:term":[{"taxonomy":"category","embeddable":true,"href":"https:\/\/www.yogaimhof.de\/index.php?rest_route=%2Fwp%2Fv2%2Fcategories&post=5703"},{"taxonomy":"post_tag","embeddable":true,"href":"https:\/\/www.yogaimhof.de\/index.php?rest_route=%2Fwp%2Fv2%2Ftags&post=5703"}],"curies":[{"name":"wp","href":"https:\/\/api.w.org\/{rel}","templated":true}]}}