{"id":5632,"date":"2023-10-02T10:24:56","date_gmt":"2023-10-02T09:24:56","guid":{"rendered":"https:\/\/www.yogaimhof.de\/?p=5632"},"modified":"2023-10-02T10:24:57","modified_gmt":"2023-10-02T09:24:57","slug":"yoga-meets-klettern-impressionen","status":"publish","type":"post","link":"https:\/\/www.yogaimhof.de\/?p=5632","title":{"rendered":"&#8222;Yoga meets Klettern&#8220; Impressionen"},"content":{"rendered":"\n<p>Am 9.9. konnten bei herrlichem Sonnenschein 6 Hofyogis unter der fachkundigen Anleitung von Jenny sich im Klettern erproben, um anschlie\u00dfend eine Yogastunde auf der gr\u00fcnen Wiese zu genie\u00dfen. Hier ein paar Impressionen. <\/p>\n\n\n\n<p>Sch\u00f6n war der Sommer ! <\/p>\n\n\n\n<figure class=\"wp-block-image size-full is-resized\"><img loading=\"lazy\" decoding=\"async\" src=\"https:\/\/www.yogaimhof.de\/wp-content\/uploads\/2023\/10\/image4.jpeg\" alt=\"\" class=\"wp-image-5649\" style=\"width:494px;height:371px\" width=\"494\" height=\"371\" srcset=\"https:\/\/www.yogaimhof.de\/wp-content\/uploads\/2023\/10\/image4.jpeg 1024w, https:\/\/www.yogaimhof.de\/wp-content\/uploads\/2023\/10\/image4-300x225.jpeg 300w, https:\/\/www.yogaimhof.de\/wp-content\/uploads\/2023\/10\/image4-768x576.jpeg 768w\" sizes=\"auto, (max-width: 494px) 100vw, 494px\" \/><\/figure>\n\n\n\n<figure class=\"wp-block-image aligncenter size-full is-resized\"><img loading=\"lazy\" decoding=\"async\" src=\"https:\/\/www.yogaimhof.de\/wp-content\/uploads\/2023\/09\/image1.jpeg\" alt=\"\" class=\"wp-image-5633\" style=\"width:335px;height:446px\" width=\"335\" height=\"446\" srcset=\"https:\/\/www.yogaimhof.de\/wp-content\/uploads\/2023\/09\/image1.jpeg 768w, https:\/\/www.yogaimhof.de\/wp-content\/uploads\/2023\/09\/image1-225x300.jpeg 225w\" sizes=\"auto, (max-width: 335px) 100vw, 335px\" \/><\/figure>\n\n\n\n<figure class=\"wp-block-image size-large is-resized\"><img loading=\"lazy\" decoding=\"async\" src=\"https:\/\/www.yogaimhof.de\/wp-content\/uploads\/2023\/10\/928136f4-7bd6-4625-97bd-645d6dd4d660-768x1024.jpeg\" alt=\"\" class=\"wp-image-5651\" style=\"width:342px;height:456px\" width=\"342\" height=\"456\" srcset=\"https:\/\/www.yogaimhof.de\/wp-content\/uploads\/2023\/10\/928136f4-7bd6-4625-97bd-645d6dd4d660-768x1024.jpeg 768w, https:\/\/www.yogaimhof.de\/wp-content\/uploads\/2023\/10\/928136f4-7bd6-4625-97bd-645d6dd4d660-225x300.jpeg 225w, https:\/\/www.yogaimhof.de\/wp-content\/uploads\/2023\/10\/928136f4-7bd6-4625-97bd-645d6dd4d660-1152x1536.jpeg 1152w, https:\/\/www.yogaimhof.de\/wp-content\/uploads\/2023\/10\/928136f4-7bd6-4625-97bd-645d6dd4d660.jpeg 1536w\" sizes=\"auto, (max-width: 342px) 100vw, 342px\" \/><\/figure>\n\n\n\n<figure class=\"wp-block-image aligncenter size-full is-resized\"><img loading=\"lazy\" decoding=\"async\" src=\"https:\/\/www.yogaimhof.de\/wp-content\/uploads\/2023\/10\/62255be1-4e16-4b20-af43-5e68dc450699.jpeg\" alt=\"\" class=\"wp-image-5650\" style=\"width:358px;height:477px\" width=\"358\" height=\"477\" srcset=\"https:\/\/www.yogaimhof.de\/wp-content\/uploads\/2023\/10\/62255be1-4e16-4b20-af43-5e68dc450699.jpeg 768w, https:\/\/www.yogaimhof.de\/wp-content\/uploads\/2023\/10\/62255be1-4e16-4b20-af43-5e68dc450699-225x300.jpeg 225w\" sizes=\"auto, (max-width: 358px) 100vw, 358px\" \/><\/figure>\n\n\n\n<figure class=\"wp-block-image size-full is-resized\"><img loading=\"lazy\" decoding=\"async\" src=\"https:\/\/www.yogaimhof.de\/wp-content\/uploads\/2023\/09\/bf96c853-f369-40c8-808a-286ea2f27cd9.jpeg\" alt=\"\" class=\"wp-image-5638\" style=\"width:360px;height:481px\" width=\"360\" height=\"481\" srcset=\"https:\/\/www.yogaimhof.de\/wp-content\/uploads\/2023\/09\/bf96c853-f369-40c8-808a-286ea2f27cd9.jpeg 768w, https:\/\/www.yogaimhof.de\/wp-content\/uploads\/2023\/09\/bf96c853-f369-40c8-808a-286ea2f27cd9-225x300.jpeg 225w\" sizes=\"auto, (max-width: 360px) 100vw, 360px\" \/><\/figure>\n\n\n\n<figure class=\"wp-block-image aligncenter size-large is-resized\"><img loading=\"lazy\" decoding=\"async\" src=\"https:\/\/www.yogaimhof.de\/wp-content\/uploads\/2023\/09\/IMG_3921-1024x768.jpeg\" alt=\"\" class=\"wp-image-5640\" style=\"width:501px;height:375px\" width=\"501\" height=\"375\" srcset=\"https:\/\/www.yogaimhof.de\/wp-content\/uploads\/2023\/09\/IMG_3921-1024x768.jpeg 1024w, https:\/\/www.yogaimhof.de\/wp-content\/uploads\/2023\/09\/IMG_3921-300x225.jpeg 300w, https:\/\/www.yogaimhof.de\/wp-content\/uploads\/2023\/09\/IMG_3921-768x576.jpeg 768w, https:\/\/www.yogaimhof.de\/wp-content\/uploads\/2023\/09\/IMG_3921-1536x1152.jpeg 1536w, https:\/\/www.yogaimhof.de\/wp-content\/uploads\/2023\/09\/IMG_3921-2048x1536.jpeg 2048w\" sizes=\"auto, (max-width: 501px) 100vw, 501px\" \/><\/figure>\n","protected":false},"excerpt":{"rendered":"<p>Am 9.9. konnten bei herrlichem Sonnenschein 6 Hofyogis unter der fachkundigen Anleitung von Jenny sich im Klettern erproben, um anschlie\u00dfend eine Yogastunde auf der gr\u00fcnen Wiese zu genie\u00dfen. Hier ein paar Impressionen. Sch\u00f6n war der Sommer !<\/p>\n","protected":false},"author":1,"featured_media":0,"comment_status":"closed","ping_status":"closed","sticky":false,"template":"","format":"standard","meta":{"footnotes":""},"categories":[1],"tags":[24,98],"class_list":["post-5632","post","type-post","status-publish","format-standard","hentry","category-uncategorized","tag-yoga","tag-yoga-in-augsburg"],"yoast_head":"<!-- This site is optimized with the Yoast SEO plugin v27.5 - https:\/\/yoast.com\/product\/yoast-seo-wordpress\/ -->\n<title>&quot;Yoga meets Klettern&quot; Impressionen - Yoga im Hof - seit 2005 in Augsburg<\/title>\n<meta name=\"description\" content=\"Sonnenschein, Klettern und Yoga - eine wunderbare Kombi unter der fachkundigen Anleitung von Jenny. Sch\u00f6n war der Sommer !\" \/>\n<meta name=\"robots\" content=\"index, follow, max-snippet:-1, max-image-preview:large, max-video-preview:-1\" \/>\n<link rel=\"canonical\" href=\"https:\/\/www.yogaimhof.de\/?p=5632\" \/>\n<meta property=\"og:locale\" content=\"de_DE\" \/>\n<meta property=\"og:type\" content=\"article\" \/>\n<meta property=\"og:title\" content=\"&quot;Yoga meets Klettern&quot; Impressionen - Yoga im Hof - seit 2005 in Augsburg\" \/>\n<meta property=\"og:description\" content=\"Sonnenschein, Klettern und Yoga - eine wunderbare Kombi unter der fachkundigen Anleitung von Jenny. Sch\u00f6n war der Sommer !\" \/>\n<meta property=\"og:url\" content=\"https:\/\/www.yogaimhof.de\/?p=5632\" \/>\n<meta property=\"og:site_name\" content=\"Yoga im Hof - seit 2005 in Augsburg\" \/>\n<meta property=\"article:publisher\" content=\"https:\/\/www.facebook.com\/profile.php?id=100063689761446\" \/>\n<meta property=\"article:published_time\" content=\"2023-10-02T09:24:56+00:00\" \/>\n<meta property=\"article:modified_time\" content=\"2023-10-02T09:24:57+00:00\" \/>\n<meta property=\"og:image\" content=\"https:\/\/www.yogaimhof.de\/wp-content\/uploads\/2023\/10\/image4.jpeg\" \/>\n<meta name=\"author\" content=\"admin\" \/>\n<meta name=\"twitter:card\" content=\"summary_large_image\" \/>\n<meta name=\"twitter:label1\" content=\"Verfasst von\" \/>\n\t<meta name=\"twitter:data1\" content=\"admin\" \/>\n\t<meta name=\"twitter:label2\" content=\"Gesch\u00e4tzte Lesezeit\" \/>\n\t<meta name=\"twitter:data2\" content=\"2\u00a0Minuten\" \/>\n<script type=\"application\/ld+json\" class=\"yoast-schema-graph\">{\"@context\":\"https:\\\/\\\/schema.org\",\"@graph\":[{\"@type\":\"Article\",\"@id\":\"https:\\\/\\\/www.yogaimhof.de\\\/?p=5632#article\",\"isPartOf\":{\"@id\":\"https:\\\/\\\/www.yogaimhof.de\\\/?p=5632\"},\"author\":{\"name\":\"admin\",\"@id\":\"https:\\\/\\\/www.yogaimhof.de\\\/#\\\/schema\\\/person\\\/40639ab66b02febb41066df02d5e90ce\"},\"headline\":\"&#8222;Yoga meets Klettern&#8220; Impressionen\",\"datePublished\":\"2023-10-02T09:24:56+00:00\",\"dateModified\":\"2023-10-02T09:24:57+00:00\",\"mainEntityOfPage\":{\"@id\":\"https:\\\/\\\/www.yogaimhof.de\\\/?p=5632\"},\"wordCount\":42,\"publisher\":{\"@id\":\"https:\\\/\\\/www.yogaimhof.de\\\/#organization\"},\"image\":{\"@id\":\"https:\\\/\\\/www.yogaimhof.de\\\/?p=5632#primaryimage\"},\"thumbnailUrl\":\"https:\\\/\\\/www.yogaimhof.de\\\/wp-content\\\/uploads\\\/2023\\\/10\\\/image4.jpeg\",\"keywords\":[\"Yoga\",\"Yoga in Augsburg\"],\"articleSection\":[\"Uncategorized\"],\"inLanguage\":\"de\"},{\"@type\":\"WebPage\",\"@id\":\"https:\\\/\\\/www.yogaimhof.de\\\/?p=5632\",\"url\":\"https:\\\/\\\/www.yogaimhof.de\\\/?p=5632\",\"name\":\"\\\"Yoga meets Klettern\\\" Impressionen - Yoga im Hof - seit 2005 in Augsburg\",\"isPartOf\":{\"@id\":\"https:\\\/\\\/www.yogaimhof.de\\\/#website\"},\"primaryImageOfPage\":{\"@id\":\"https:\\\/\\\/www.yogaimhof.de\\\/?p=5632#primaryimage\"},\"image\":{\"@id\":\"https:\\\/\\\/www.yogaimhof.de\\\/?p=5632#primaryimage\"},\"thumbnailUrl\":\"https:\\\/\\\/www.yogaimhof.de\\\/wp-content\\\/uploads\\\/2023\\\/10\\\/image4.jpeg\",\"datePublished\":\"2023-10-02T09:24:56+00:00\",\"dateModified\":\"2023-10-02T09:24:57+00:00\",\"description\":\"Sonnenschein, Klettern und Yoga - eine wunderbare Kombi unter der fachkundigen Anleitung von Jenny. Sch\u00f6n war der Sommer !\",\"breadcrumb\":{\"@id\":\"https:\\\/\\\/www.yogaimhof.de\\\/?p=5632#breadcrumb\"},\"inLanguage\":\"de\",\"potentialAction\":[{\"@type\":\"ReadAction\",\"target\":[\"https:\\\/\\\/www.yogaimhof.de\\\/?p=5632\"]}]},{\"@type\":\"ImageObject\",\"inLanguage\":\"de\",\"@id\":\"https:\\\/\\\/www.yogaimhof.de\\\/?p=5632#primaryimage\",\"url\":\"https:\\\/\\\/www.yogaimhof.de\\\/wp-content\\\/uploads\\\/2023\\\/10\\\/image4.jpeg\",\"contentUrl\":\"https:\\\/\\\/www.yogaimhof.de\\\/wp-content\\\/uploads\\\/2023\\\/10\\\/image4.jpeg\",\"width\":1024,\"height\":768},{\"@type\":\"BreadcrumbList\",\"@id\":\"https:\\\/\\\/www.yogaimhof.de\\\/?p=5632#breadcrumb\",\"itemListElement\":[{\"@type\":\"ListItem\",\"position\":1,\"name\":\"Startseite\",\"item\":\"https:\\\/\\\/www.yogaimhof.de\\\/\"},{\"@type\":\"ListItem\",\"position\":2,\"name\":\"&#8220;Yoga meets Klettern&#8221; Impressionen\"}]},{\"@type\":\"WebSite\",\"@id\":\"https:\\\/\\\/www.yogaimhof.de\\\/#website\",\"url\":\"https:\\\/\\\/www.yogaimhof.de\\\/\",\"name\":\"Yoga im Hof - seit 2005 in Augsburg\",\"description\":\"Zeit f\u00fcr Yoga... Zeit f\u00fcr Dich.\",\"publisher\":{\"@id\":\"https:\\\/\\\/www.yogaimhof.de\\\/#organization\"},\"potentialAction\":[{\"@type\":\"SearchAction\",\"target\":{\"@type\":\"EntryPoint\",\"urlTemplate\":\"https:\\\/\\\/www.yogaimhof.de\\\/?s={search_term_string}\"},\"query-input\":{\"@type\":\"PropertyValueSpecification\",\"valueRequired\":true,\"valueName\":\"search_term_string\"}}],\"inLanguage\":\"de\"},{\"@type\":\"Organization\",\"@id\":\"https:\\\/\\\/www.yogaimhof.de\\\/#organization\",\"name\":\"Yoga im Hof - seit 2005 in Augsburg\",\"url\":\"https:\\\/\\\/www.yogaimhof.de\\\/\",\"logo\":{\"@type\":\"ImageObject\",\"inLanguage\":\"de\",\"@id\":\"https:\\\/\\\/www.yogaimhof.de\\\/#\\\/schema\\\/logo\\\/image\\\/\",\"url\":\"https:\\\/\\\/www.yogaimhof.de\\\/wp-content\\\/uploads\\\/2018\\\/05\\\/Logo-YIH.png\",\"contentUrl\":\"https:\\\/\\\/www.yogaimhof.de\\\/wp-content\\\/uploads\\\/2018\\\/05\\\/Logo-YIH.png\",\"width\":200,\"height\":198,\"caption\":\"Yoga im Hof - seit 2005 in Augsburg\"},\"image\":{\"@id\":\"https:\\\/\\\/www.yogaimhof.de\\\/#\\\/schema\\\/logo\\\/image\\\/\"},\"sameAs\":[\"https:\\\/\\\/www.facebook.com\\\/profile.php?id=100063689761446\"]},{\"@type\":\"Person\",\"@id\":\"https:\\\/\\\/www.yogaimhof.de\\\/#\\\/schema\\\/person\\\/40639ab66b02febb41066df02d5e90ce\",\"name\":\"admin\",\"image\":{\"@type\":\"ImageObject\",\"inLanguage\":\"de\",\"@id\":\"https:\\\/\\\/secure.gravatar.com\\\/avatar\\\/7c94d33d7cae1142e0d8384ce86108dad6ea2c4a24c1c816625bcd8df15903cf?s=96&d=mm&r=g\",\"url\":\"https:\\\/\\\/secure.gravatar.com\\\/avatar\\\/7c94d33d7cae1142e0d8384ce86108dad6ea2c4a24c1c816625bcd8df15903cf?s=96&d=mm&r=g\",\"contentUrl\":\"https:\\\/\\\/secure.gravatar.com\\\/avatar\\\/7c94d33d7cae1142e0d8384ce86108dad6ea2c4a24c1c816625bcd8df15903cf?s=96&d=mm&r=g\",\"caption\":\"admin\"},\"sameAs\":[\"https:\\\/\\\/www.instagram.com\\\/yoga_im_hof_augsburg\\\/\"],\"url\":\"https:\\\/\\\/www.yogaimhof.de\\\/?author=1\"}]}<\/script>\n<!-- \/ Yoast SEO plugin. -->","yoast_head_json":{"title":"\"Yoga meets Klettern\" Impressionen - Yoga im Hof - seit 2005 in Augsburg","description":"Sonnenschein, Klettern und Yoga - eine wunderbare Kombi unter der fachkundigen Anleitung von Jenny. Sch\u00f6n war der Sommer !","robots":{"index":"index","follow":"follow","max-snippet":"max-snippet:-1","max-image-preview":"max-image-preview:large","max-video-preview":"max-video-preview:-1"},"canonical":"https:\/\/www.yogaimhof.de\/?p=5632","og_locale":"de_DE","og_type":"article","og_title":"\"Yoga meets Klettern\" Impressionen - Yoga im Hof - seit 2005 in Augsburg","og_description":"Sonnenschein, Klettern und Yoga - eine wunderbare Kombi unter der fachkundigen Anleitung von Jenny. Sch\u00f6n war der Sommer !","og_url":"https:\/\/www.yogaimhof.de\/?p=5632","og_site_name":"Yoga im Hof - seit 2005 in Augsburg","article_publisher":"https:\/\/www.facebook.com\/profile.php?id=100063689761446","article_published_time":"2023-10-02T09:24:56+00:00","article_modified_time":"2023-10-02T09:24:57+00:00","og_image":[{"url":"https:\/\/www.yogaimhof.de\/wp-content\/uploads\/2023\/10\/image4.jpeg","type":"","width":"","height":""}],"author":"admin","twitter_card":"summary_large_image","twitter_misc":{"Verfasst von":"admin","Gesch\u00e4tzte Lesezeit":"2\u00a0Minuten"},"schema":{"@context":"https:\/\/schema.org","@graph":[{"@type":"Article","@id":"https:\/\/www.yogaimhof.de\/?p=5632#article","isPartOf":{"@id":"https:\/\/www.yogaimhof.de\/?p=5632"},"author":{"name":"admin","@id":"https:\/\/www.yogaimhof.de\/#\/schema\/person\/40639ab66b02febb41066df02d5e90ce"},"headline":"&#8222;Yoga meets Klettern&#8220; Impressionen","datePublished":"2023-10-02T09:24:56+00:00","dateModified":"2023-10-02T09:24:57+00:00","mainEntityOfPage":{"@id":"https:\/\/www.yogaimhof.de\/?p=5632"},"wordCount":42,"publisher":{"@id":"https:\/\/www.yogaimhof.de\/#organization"},"image":{"@id":"https:\/\/www.yogaimhof.de\/?p=5632#primaryimage"},"thumbnailUrl":"https:\/\/www.yogaimhof.de\/wp-content\/uploads\/2023\/10\/image4.jpeg","keywords":["Yoga","Yoga in Augsburg"],"articleSection":["Uncategorized"],"inLanguage":"de"},{"@type":"WebPage","@id":"https:\/\/www.yogaimhof.de\/?p=5632","url":"https:\/\/www.yogaimhof.de\/?p=5632","name":"\"Yoga meets Klettern\" Impressionen - Yoga im Hof - seit 2005 in Augsburg","isPartOf":{"@id":"https:\/\/www.yogaimhof.de\/#website"},"primaryImageOfPage":{"@id":"https:\/\/www.yogaimhof.de\/?p=5632#primaryimage"},"image":{"@id":"https:\/\/www.yogaimhof.de\/?p=5632#primaryimage"},"thumbnailUrl":"https:\/\/www.yogaimhof.de\/wp-content\/uploads\/2023\/10\/image4.jpeg","datePublished":"2023-10-02T09:24:56+00:00","dateModified":"2023-10-02T09:24:57+00:00","description":"Sonnenschein, Klettern und Yoga - eine wunderbare Kombi unter der fachkundigen Anleitung von Jenny. Sch\u00f6n war der Sommer !","breadcrumb":{"@id":"https:\/\/www.yogaimhof.de\/?p=5632#breadcrumb"},"inLanguage":"de","potentialAction":[{"@type":"ReadAction","target":["https:\/\/www.yogaimhof.de\/?p=5632"]}]},{"@type":"ImageObject","inLanguage":"de","@id":"https:\/\/www.yogaimhof.de\/?p=5632#primaryimage","url":"https:\/\/www.yogaimhof.de\/wp-content\/uploads\/2023\/10\/image4.jpeg","contentUrl":"https:\/\/www.yogaimhof.de\/wp-content\/uploads\/2023\/10\/image4.jpeg","width":1024,"height":768},{"@type":"BreadcrumbList","@id":"https:\/\/www.yogaimhof.de\/?p=5632#breadcrumb","itemListElement":[{"@type":"ListItem","position":1,"name":"Startseite","item":"https:\/\/www.yogaimhof.de\/"},{"@type":"ListItem","position":2,"name":"&#8220;Yoga meets Klettern&#8221; Impressionen"}]},{"@type":"WebSite","@id":"https:\/\/www.yogaimhof.de\/#website","url":"https:\/\/www.yogaimhof.de\/","name":"Yoga im Hof - seit 2005 in Augsburg","description":"Zeit f\u00fcr Yoga... Zeit f\u00fcr Dich.","publisher":{"@id":"https:\/\/www.yogaimhof.de\/#organization"},"potentialAction":[{"@type":"SearchAction","target":{"@type":"EntryPoint","urlTemplate":"https:\/\/www.yogaimhof.de\/?s={search_term_string}"},"query-input":{"@type":"PropertyValueSpecification","valueRequired":true,"valueName":"search_term_string"}}],"inLanguage":"de"},{"@type":"Organization","@id":"https:\/\/www.yogaimhof.de\/#organization","name":"Yoga im Hof - seit 2005 in Augsburg","url":"https:\/\/www.yogaimhof.de\/","logo":{"@type":"ImageObject","inLanguage":"de","@id":"https:\/\/www.yogaimhof.de\/#\/schema\/logo\/image\/","url":"https:\/\/www.yogaimhof.de\/wp-content\/uploads\/2018\/05\/Logo-YIH.png","contentUrl":"https:\/\/www.yogaimhof.de\/wp-content\/uploads\/2018\/05\/Logo-YIH.png","width":200,"height":198,"caption":"Yoga im Hof - seit 2005 in Augsburg"},"image":{"@id":"https:\/\/www.yogaimhof.de\/#\/schema\/logo\/image\/"},"sameAs":["https:\/\/www.facebook.com\/profile.php?id=100063689761446"]},{"@type":"Person","@id":"https:\/\/www.yogaimhof.de\/#\/schema\/person\/40639ab66b02febb41066df02d5e90ce","name":"admin","image":{"@type":"ImageObject","inLanguage":"de","@id":"https:\/\/secure.gravatar.com\/avatar\/7c94d33d7cae1142e0d8384ce86108dad6ea2c4a24c1c816625bcd8df15903cf?s=96&d=mm&r=g","url":"https:\/\/secure.gravatar.com\/avatar\/7c94d33d7cae1142e0d8384ce86108dad6ea2c4a24c1c816625bcd8df15903cf?s=96&d=mm&r=g","contentUrl":"https:\/\/secure.gravatar.com\/avatar\/7c94d33d7cae1142e0d8384ce86108dad6ea2c4a24c1c816625bcd8df15903cf?s=96&d=mm&r=g","caption":"admin"},"sameAs":["https:\/\/www.instagram.com\/yoga_im_hof_augsburg\/"],"url":"https:\/\/www.yogaimhof.de\/?author=1"}]}},"_links":{"self":[{"href":"https:\/\/www.yogaimhof.de\/index.php?rest_route=\/wp\/v2\/posts\/5632","targetHints":{"allow":["GET"]}}],"collection":[{"href":"https:\/\/www.yogaimhof.de\/index.php?rest_route=\/wp\/v2\/posts"}],"about":[{"href":"https:\/\/www.yogaimhof.de\/index.php?rest_route=\/wp\/v2\/types\/post"}],"author":[{"embeddable":true,"href":"https:\/\/www.yogaimhof.de\/index.php?rest_route=\/wp\/v2\/users\/1"}],"replies":[{"embeddable":true,"href":"https:\/\/www.yogaimhof.de\/index.php?rest_route=%2Fwp%2Fv2%2Fcomments&post=5632"}],"version-history":[{"count":6,"href":"https:\/\/www.yogaimhof.de\/index.php?rest_route=\/wp\/v2\/posts\/5632\/revisions"}],"predecessor-version":[{"id":5655,"href":"https:\/\/www.yogaimhof.de\/index.php?rest_route=\/wp\/v2\/posts\/5632\/revisions\/5655"}],"wp:attachment":[{"href":"https:\/\/www.yogaimhof.de\/index.php?rest_route=%2Fwp%2Fv2%2Fmedia&parent=5632"}],"wp:term":[{"taxonomy":"category","embeddable":true,"href":"https:\/\/www.yogaimhof.de\/index.php?rest_route=%2Fwp%2Fv2%2Fcategories&post=5632"},{"taxonomy":"post_tag","embeddable":true,"href":"https:\/\/www.yogaimhof.de\/index.php?rest_route=%2Fwp%2Fv2%2Ftags&post=5632"}],"curies":[{"name":"wp","href":"https:\/\/api.w.org\/{rel}","templated":true}]}}