{"id":5616,"date":"2023-09-26T17:08:13","date_gmt":"2023-09-26T16:08:13","guid":{"rendered":"https:\/\/www.yogaimhof.de\/?p=5616"},"modified":"2023-10-26T14:32:21","modified_gmt":"2023-10-26T13:32:21","slug":"yoga-fuer-alle-am-einheitstag-3-10-mit-flora","status":"publish","type":"post","link":"https:\/\/www.yogaimhof.de\/?p=5616","title":{"rendered":"Yoga f\u00fcr alle am Einheitstag, 3.10.mit Flora"},"content":{"rendered":"\n<p>&#8222;Yoga&#8220; kann \u00fcbersetzt werden als: Vereinigung, Einheit, Verbindung, Verbundenheit &#8211; womit deutlich wird, dass Yoga Weg und Ziel ist. <\/p>\n\n\n\n<p>Indem wir Yoga \u00fcben, k\u00f6nnen wir Yoga erreichen &#8211; oder erkennen, dass wir schon immer &#8222;da&#8220; sind, in diesem gl\u00fcckseligen Zustand, immer schon alles da ist, und wie es ist, in Ordnung. Indem wir uns mit uns selbst verbinden, mit K\u00f6rper und Atem, desto freudiger und freier k\u00f6nnen wir uns im Hier &amp; Jetzt f\u00fchlen und sp\u00fcren. <\/p>\n\n\n\n<p>Verbinden k\u00f6nnen wir uns auch mit den f\u00fcnf Elementen: Erde, Wasser, Feuer, Luft, Raum &#8211; und damit mit unserer Mitwelt, in der alles und alle aus denselben Elementen besteht und bestehen. Ob es f\u00fcr dich auch eine Verbindung zu einer &#8222;h\u00f6heren Instanz&#8220; gibt: zum G\u00f6ttlichen oder Universum, zur Quelle oder kosmischen Liebe &#8211; das kannst du so oder so empfinden und entscheiden, Religiosit\u00e4t und Spiritualit\u00e4t sind individuelle Wege und Weltsichten, und Yoga l\u00e4sst uns hier alle Freiheit.<\/p>\n\n\n\n<p>Wir \u00fcben einfache Bewegungen und Haltungen mit Fokus auf Verbindung zum tragenden Fundament und flie\u00dfenden Atem, sowie auf die Formwechsel (von Katze zu Kuh zu Hund zu Krieger, Baum und Berg \u2026), au\u00dferdem ausgleichendes Pranayama , nat\u00fcrlich Entspannung und eine gro\u00dfz\u00fcgige, leichte Herzmeditation.<\/p>\n\n\n\n<p><strong>Dienstag, 3.10. von 10 &#8211; 11.30 Uhr <\/strong><\/p>\n\n\n\n<p><strong>Anmeldung nicht notwenig, einfach vorbeikommen <\/strong> <\/p>\n\n\n\n<p><strong>Teilnahme mit Deiner Punktekarte, Flatrate oder einzeln 18 EUR <\/strong><\/p>\n\n\n\n<figure class=\"wp-block-image size-full is-resized\"><img loading=\"lazy\" decoding=\"async\" src=\"https:\/\/www.yogaimhof.de\/wp-content\/uploads\/2021\/10\/Jenny-Ganesha.jpg\" alt=\"\" class=\"wp-image-3595\" style=\"width:500px;height:375px\" width=\"500\" height=\"375\"\/><\/figure>\n","protected":false},"excerpt":{"rendered":"<p>&#8222;Yoga&#8220; kann \u00fcbersetzt werden als: Vereinigung, Einheit, Verbindung, Verbundenheit &#8211; womit deutlich wird, dass Yoga Weg und Ziel ist. Indem wir Yoga \u00fcben, k\u00f6nnen wir Yoga erreichen &#8211; oder erkennen, dass wir schon immer &#8222;da&#8220; sind, in diesem gl\u00fcckseligen Zustand, immer schon alles da ist, und wie es ist, in Ordnung. Indem wir uns mit [&hellip;]<\/p>\n","protected":false},"author":1,"featured_media":0,"comment_status":"closed","ping_status":"closed","sticky":false,"template":"","format":"standard","meta":{"footnotes":""},"categories":[1],"tags":[24,44,98,75],"class_list":["post-5616","post","type-post","status-publish","format-standard","hentry","category-uncategorized","tag-yoga","tag-yoga-im-bismarckviertel","tag-yoga-in-augsburg","tag-yoga-und-meditation"],"yoast_head":"<!-- This site is optimized with the Yoast SEO plugin v27.5 - https:\/\/yoast.com\/product\/yoast-seo-wordpress\/ -->\n<title>Yoga f\u00fcr alle am Einheitstag, 3.10.mit Flora - Yoga im Hof - seit 2005 in Augsburg<\/title>\n<meta name=\"description\" content=\"&quot;Yoga&quot; kann \u00fcbersetzt werden als: Vereinigung, Einheit, Verbindung, Verbundenheit - womit deutlich wird, dass Yoga Weg und Ziel ist. Wir \u00fcben einfache Bewegungen und Haltungen mit Fokus auf Verbindung zum tragenden Fundament und flie\u00dfendem Atem, au\u00dferdem Pranayama, Entspannung und eine Herzmeditation.\" \/>\n<meta name=\"robots\" content=\"index, follow, max-snippet:-1, max-image-preview:large, max-video-preview:-1\" \/>\n<link rel=\"canonical\" href=\"https:\/\/www.yogaimhof.de\/?p=5616\" \/>\n<meta property=\"og:locale\" content=\"de_DE\" \/>\n<meta property=\"og:type\" content=\"article\" \/>\n<meta property=\"og:title\" content=\"Yoga f\u00fcr alle am Einheitstag, 3.10.mit Flora - Yoga im Hof - seit 2005 in Augsburg\" \/>\n<meta property=\"og:description\" content=\"&quot;Yoga&quot; kann \u00fcbersetzt werden als: Vereinigung, Einheit, Verbindung, Verbundenheit - womit deutlich wird, dass Yoga Weg und Ziel ist. Wir \u00fcben einfache Bewegungen und Haltungen mit Fokus auf Verbindung zum tragenden Fundament und flie\u00dfendem Atem, au\u00dferdem Pranayama, Entspannung und eine Herzmeditation.\" \/>\n<meta property=\"og:url\" content=\"https:\/\/www.yogaimhof.de\/?p=5616\" \/>\n<meta property=\"og:site_name\" content=\"Yoga im Hof - seit 2005 in Augsburg\" \/>\n<meta property=\"article:publisher\" content=\"https:\/\/www.facebook.com\/profile.php?id=100063689761446\" \/>\n<meta property=\"article:published_time\" content=\"2023-09-26T16:08:13+00:00\" \/>\n<meta property=\"article:modified_time\" content=\"2023-10-26T13:32:21+00:00\" \/>\n<meta property=\"og:image\" content=\"https:\/\/www.yogaimhof.de\/wp-content\/uploads\/2021\/10\/Jenny-Ganesha.jpg\" \/>\n<meta name=\"author\" content=\"admin\" \/>\n<meta name=\"twitter:card\" content=\"summary_large_image\" \/>\n<meta name=\"twitter:label1\" content=\"Verfasst von\" \/>\n\t<meta name=\"twitter:data1\" content=\"admin\" \/>\n<script type=\"application\/ld+json\" class=\"yoast-schema-graph\">{\"@context\":\"https:\\\/\\\/schema.org\",\"@graph\":[{\"@type\":\"Article\",\"@id\":\"https:\\\/\\\/www.yogaimhof.de\\\/?p=5616#article\",\"isPartOf\":{\"@id\":\"https:\\\/\\\/www.yogaimhof.de\\\/?p=5616\"},\"author\":{\"name\":\"admin\",\"@id\":\"https:\\\/\\\/www.yogaimhof.de\\\/#\\\/schema\\\/person\\\/40639ab66b02febb41066df02d5e90ce\"},\"headline\":\"Yoga f\u00fcr alle am Einheitstag, 3.10.mit Flora\",\"datePublished\":\"2023-09-26T16:08:13+00:00\",\"dateModified\":\"2023-10-26T13:32:21+00:00\",\"mainEntityOfPage\":{\"@id\":\"https:\\\/\\\/www.yogaimhof.de\\\/?p=5616\"},\"wordCount\":238,\"publisher\":{\"@id\":\"https:\\\/\\\/www.yogaimhof.de\\\/#organization\"},\"image\":{\"@id\":\"https:\\\/\\\/www.yogaimhof.de\\\/?p=5616#primaryimage\"},\"thumbnailUrl\":\"https:\\\/\\\/www.yogaimhof.de\\\/wp-content\\\/uploads\\\/2021\\\/10\\\/Jenny-Ganesha.jpg\",\"keywords\":[\"Yoga\",\"Yoga im Bismarckviertel\",\"Yoga in Augsburg\",\"Yoga und Meditation\"],\"articleSection\":[\"Uncategorized\"],\"inLanguage\":\"de\"},{\"@type\":\"WebPage\",\"@id\":\"https:\\\/\\\/www.yogaimhof.de\\\/?p=5616\",\"url\":\"https:\\\/\\\/www.yogaimhof.de\\\/?p=5616\",\"name\":\"Yoga f\u00fcr alle am Einheitstag, 3.10.mit Flora - Yoga im Hof - seit 2005 in Augsburg\",\"isPartOf\":{\"@id\":\"https:\\\/\\\/www.yogaimhof.de\\\/#website\"},\"primaryImageOfPage\":{\"@id\":\"https:\\\/\\\/www.yogaimhof.de\\\/?p=5616#primaryimage\"},\"image\":{\"@id\":\"https:\\\/\\\/www.yogaimhof.de\\\/?p=5616#primaryimage\"},\"thumbnailUrl\":\"https:\\\/\\\/www.yogaimhof.de\\\/wp-content\\\/uploads\\\/2021\\\/10\\\/Jenny-Ganesha.jpg\",\"datePublished\":\"2023-09-26T16:08:13+00:00\",\"dateModified\":\"2023-10-26T13:32:21+00:00\",\"description\":\"\\\"Yoga\\\" kann \u00fcbersetzt werden als: Vereinigung, Einheit, Verbindung, Verbundenheit - womit deutlich wird, dass Yoga Weg und Ziel ist. Wir \u00fcben einfache Bewegungen und Haltungen mit Fokus auf Verbindung zum tragenden Fundament und flie\u00dfendem Atem, au\u00dferdem Pranayama, Entspannung und eine Herzmeditation.\",\"breadcrumb\":{\"@id\":\"https:\\\/\\\/www.yogaimhof.de\\\/?p=5616#breadcrumb\"},\"inLanguage\":\"de\",\"potentialAction\":[{\"@type\":\"ReadAction\",\"target\":[\"https:\\\/\\\/www.yogaimhof.de\\\/?p=5616\"]}]},{\"@type\":\"ImageObject\",\"inLanguage\":\"de\",\"@id\":\"https:\\\/\\\/www.yogaimhof.de\\\/?p=5616#primaryimage\",\"url\":\"https:\\\/\\\/www.yogaimhof.de\\\/wp-content\\\/uploads\\\/2021\\\/10\\\/Jenny-Ganesha.jpg\",\"contentUrl\":\"https:\\\/\\\/www.yogaimhof.de\\\/wp-content\\\/uploads\\\/2021\\\/10\\\/Jenny-Ganesha.jpg\",\"width\":1024,\"height\":778},{\"@type\":\"BreadcrumbList\",\"@id\":\"https:\\\/\\\/www.yogaimhof.de\\\/?p=5616#breadcrumb\",\"itemListElement\":[{\"@type\":\"ListItem\",\"position\":1,\"name\":\"Startseite\",\"item\":\"https:\\\/\\\/www.yogaimhof.de\\\/\"},{\"@type\":\"ListItem\",\"position\":2,\"name\":\"Yoga f\u00fcr alle am Einheitstag, 3.10.mit Flora\"}]},{\"@type\":\"WebSite\",\"@id\":\"https:\\\/\\\/www.yogaimhof.de\\\/#website\",\"url\":\"https:\\\/\\\/www.yogaimhof.de\\\/\",\"name\":\"Yoga im Hof - seit 2005 in Augsburg\",\"description\":\"Zeit f\u00fcr Yoga... Zeit f\u00fcr Dich.\",\"publisher\":{\"@id\":\"https:\\\/\\\/www.yogaimhof.de\\\/#organization\"},\"potentialAction\":[{\"@type\":\"SearchAction\",\"target\":{\"@type\":\"EntryPoint\",\"urlTemplate\":\"https:\\\/\\\/www.yogaimhof.de\\\/?s={search_term_string}\"},\"query-input\":{\"@type\":\"PropertyValueSpecification\",\"valueRequired\":true,\"valueName\":\"search_term_string\"}}],\"inLanguage\":\"de\"},{\"@type\":\"Organization\",\"@id\":\"https:\\\/\\\/www.yogaimhof.de\\\/#organization\",\"name\":\"Yoga im Hof - seit 2005 in Augsburg\",\"url\":\"https:\\\/\\\/www.yogaimhof.de\\\/\",\"logo\":{\"@type\":\"ImageObject\",\"inLanguage\":\"de\",\"@id\":\"https:\\\/\\\/www.yogaimhof.de\\\/#\\\/schema\\\/logo\\\/image\\\/\",\"url\":\"https:\\\/\\\/www.yogaimhof.de\\\/wp-content\\\/uploads\\\/2018\\\/05\\\/Logo-YIH.png\",\"contentUrl\":\"https:\\\/\\\/www.yogaimhof.de\\\/wp-content\\\/uploads\\\/2018\\\/05\\\/Logo-YIH.png\",\"width\":200,\"height\":198,\"caption\":\"Yoga im Hof - seit 2005 in Augsburg\"},\"image\":{\"@id\":\"https:\\\/\\\/www.yogaimhof.de\\\/#\\\/schema\\\/logo\\\/image\\\/\"},\"sameAs\":[\"https:\\\/\\\/www.facebook.com\\\/profile.php?id=100063689761446\"]},{\"@type\":\"Person\",\"@id\":\"https:\\\/\\\/www.yogaimhof.de\\\/#\\\/schema\\\/person\\\/40639ab66b02febb41066df02d5e90ce\",\"name\":\"admin\",\"image\":{\"@type\":\"ImageObject\",\"inLanguage\":\"de\",\"@id\":\"https:\\\/\\\/secure.gravatar.com\\\/avatar\\\/7c94d33d7cae1142e0d8384ce86108dad6ea2c4a24c1c816625bcd8df15903cf?s=96&d=mm&r=g\",\"url\":\"https:\\\/\\\/secure.gravatar.com\\\/avatar\\\/7c94d33d7cae1142e0d8384ce86108dad6ea2c4a24c1c816625bcd8df15903cf?s=96&d=mm&r=g\",\"contentUrl\":\"https:\\\/\\\/secure.gravatar.com\\\/avatar\\\/7c94d33d7cae1142e0d8384ce86108dad6ea2c4a24c1c816625bcd8df15903cf?s=96&d=mm&r=g\",\"caption\":\"admin\"},\"sameAs\":[\"https:\\\/\\\/www.instagram.com\\\/yoga_im_hof_augsburg\\\/\"],\"url\":\"https:\\\/\\\/www.yogaimhof.de\\\/?author=1\"}]}<\/script>\n<!-- \/ Yoast SEO plugin. -->","yoast_head_json":{"title":"Yoga f\u00fcr alle am Einheitstag, 3.10.mit Flora - Yoga im Hof - seit 2005 in Augsburg","description":"\"Yoga\" kann \u00fcbersetzt werden als: Vereinigung, Einheit, Verbindung, Verbundenheit - womit deutlich wird, dass Yoga Weg und Ziel ist. Wir \u00fcben einfache Bewegungen und Haltungen mit Fokus auf Verbindung zum tragenden Fundament und flie\u00dfendem Atem, au\u00dferdem Pranayama, Entspannung und eine Herzmeditation.","robots":{"index":"index","follow":"follow","max-snippet":"max-snippet:-1","max-image-preview":"max-image-preview:large","max-video-preview":"max-video-preview:-1"},"canonical":"https:\/\/www.yogaimhof.de\/?p=5616","og_locale":"de_DE","og_type":"article","og_title":"Yoga f\u00fcr alle am Einheitstag, 3.10.mit Flora - Yoga im Hof - seit 2005 in Augsburg","og_description":"\"Yoga\" kann \u00fcbersetzt werden als: Vereinigung, Einheit, Verbindung, Verbundenheit - womit deutlich wird, dass Yoga Weg und Ziel ist. Wir \u00fcben einfache Bewegungen und Haltungen mit Fokus auf Verbindung zum tragenden Fundament und flie\u00dfendem Atem, au\u00dferdem Pranayama, Entspannung und eine Herzmeditation.","og_url":"https:\/\/www.yogaimhof.de\/?p=5616","og_site_name":"Yoga im Hof - seit 2005 in Augsburg","article_publisher":"https:\/\/www.facebook.com\/profile.php?id=100063689761446","article_published_time":"2023-09-26T16:08:13+00:00","article_modified_time":"2023-10-26T13:32:21+00:00","og_image":[{"url":"https:\/\/www.yogaimhof.de\/wp-content\/uploads\/2021\/10\/Jenny-Ganesha.jpg","type":"","width":"","height":""}],"author":"admin","twitter_card":"summary_large_image","twitter_misc":{"Verfasst von":"admin"},"schema":{"@context":"https:\/\/schema.org","@graph":[{"@type":"Article","@id":"https:\/\/www.yogaimhof.de\/?p=5616#article","isPartOf":{"@id":"https:\/\/www.yogaimhof.de\/?p=5616"},"author":{"name":"admin","@id":"https:\/\/www.yogaimhof.de\/#\/schema\/person\/40639ab66b02febb41066df02d5e90ce"},"headline":"Yoga f\u00fcr alle am Einheitstag, 3.10.mit Flora","datePublished":"2023-09-26T16:08:13+00:00","dateModified":"2023-10-26T13:32:21+00:00","mainEntityOfPage":{"@id":"https:\/\/www.yogaimhof.de\/?p=5616"},"wordCount":238,"publisher":{"@id":"https:\/\/www.yogaimhof.de\/#organization"},"image":{"@id":"https:\/\/www.yogaimhof.de\/?p=5616#primaryimage"},"thumbnailUrl":"https:\/\/www.yogaimhof.de\/wp-content\/uploads\/2021\/10\/Jenny-Ganesha.jpg","keywords":["Yoga","Yoga im Bismarckviertel","Yoga in Augsburg","Yoga und Meditation"],"articleSection":["Uncategorized"],"inLanguage":"de"},{"@type":"WebPage","@id":"https:\/\/www.yogaimhof.de\/?p=5616","url":"https:\/\/www.yogaimhof.de\/?p=5616","name":"Yoga f\u00fcr alle am Einheitstag, 3.10.mit Flora - Yoga im Hof - seit 2005 in Augsburg","isPartOf":{"@id":"https:\/\/www.yogaimhof.de\/#website"},"primaryImageOfPage":{"@id":"https:\/\/www.yogaimhof.de\/?p=5616#primaryimage"},"image":{"@id":"https:\/\/www.yogaimhof.de\/?p=5616#primaryimage"},"thumbnailUrl":"https:\/\/www.yogaimhof.de\/wp-content\/uploads\/2021\/10\/Jenny-Ganesha.jpg","datePublished":"2023-09-26T16:08:13+00:00","dateModified":"2023-10-26T13:32:21+00:00","description":"\"Yoga\" kann \u00fcbersetzt werden als: Vereinigung, Einheit, Verbindung, Verbundenheit - womit deutlich wird, dass Yoga Weg und Ziel ist. Wir \u00fcben einfache Bewegungen und Haltungen mit Fokus auf Verbindung zum tragenden Fundament und flie\u00dfendem Atem, au\u00dferdem Pranayama, Entspannung und eine Herzmeditation.","breadcrumb":{"@id":"https:\/\/www.yogaimhof.de\/?p=5616#breadcrumb"},"inLanguage":"de","potentialAction":[{"@type":"ReadAction","target":["https:\/\/www.yogaimhof.de\/?p=5616"]}]},{"@type":"ImageObject","inLanguage":"de","@id":"https:\/\/www.yogaimhof.de\/?p=5616#primaryimage","url":"https:\/\/www.yogaimhof.de\/wp-content\/uploads\/2021\/10\/Jenny-Ganesha.jpg","contentUrl":"https:\/\/www.yogaimhof.de\/wp-content\/uploads\/2021\/10\/Jenny-Ganesha.jpg","width":1024,"height":778},{"@type":"BreadcrumbList","@id":"https:\/\/www.yogaimhof.de\/?p=5616#breadcrumb","itemListElement":[{"@type":"ListItem","position":1,"name":"Startseite","item":"https:\/\/www.yogaimhof.de\/"},{"@type":"ListItem","position":2,"name":"Yoga f\u00fcr alle am Einheitstag, 3.10.mit Flora"}]},{"@type":"WebSite","@id":"https:\/\/www.yogaimhof.de\/#website","url":"https:\/\/www.yogaimhof.de\/","name":"Yoga im Hof - seit 2005 in Augsburg","description":"Zeit f\u00fcr Yoga... Zeit f\u00fcr Dich.","publisher":{"@id":"https:\/\/www.yogaimhof.de\/#organization"},"potentialAction":[{"@type":"SearchAction","target":{"@type":"EntryPoint","urlTemplate":"https:\/\/www.yogaimhof.de\/?s={search_term_string}"},"query-input":{"@type":"PropertyValueSpecification","valueRequired":true,"valueName":"search_term_string"}}],"inLanguage":"de"},{"@type":"Organization","@id":"https:\/\/www.yogaimhof.de\/#organization","name":"Yoga im Hof - seit 2005 in Augsburg","url":"https:\/\/www.yogaimhof.de\/","logo":{"@type":"ImageObject","inLanguage":"de","@id":"https:\/\/www.yogaimhof.de\/#\/schema\/logo\/image\/","url":"https:\/\/www.yogaimhof.de\/wp-content\/uploads\/2018\/05\/Logo-YIH.png","contentUrl":"https:\/\/www.yogaimhof.de\/wp-content\/uploads\/2018\/05\/Logo-YIH.png","width":200,"height":198,"caption":"Yoga im Hof - seit 2005 in Augsburg"},"image":{"@id":"https:\/\/www.yogaimhof.de\/#\/schema\/logo\/image\/"},"sameAs":["https:\/\/www.facebook.com\/profile.php?id=100063689761446"]},{"@type":"Person","@id":"https:\/\/www.yogaimhof.de\/#\/schema\/person\/40639ab66b02febb41066df02d5e90ce","name":"admin","image":{"@type":"ImageObject","inLanguage":"de","@id":"https:\/\/secure.gravatar.com\/avatar\/7c94d33d7cae1142e0d8384ce86108dad6ea2c4a24c1c816625bcd8df15903cf?s=96&d=mm&r=g","url":"https:\/\/secure.gravatar.com\/avatar\/7c94d33d7cae1142e0d8384ce86108dad6ea2c4a24c1c816625bcd8df15903cf?s=96&d=mm&r=g","contentUrl":"https:\/\/secure.gravatar.com\/avatar\/7c94d33d7cae1142e0d8384ce86108dad6ea2c4a24c1c816625bcd8df15903cf?s=96&d=mm&r=g","caption":"admin"},"sameAs":["https:\/\/www.instagram.com\/yoga_im_hof_augsburg\/"],"url":"https:\/\/www.yogaimhof.de\/?author=1"}]}},"_links":{"self":[{"href":"https:\/\/www.yogaimhof.de\/index.php?rest_route=\/wp\/v2\/posts\/5616","targetHints":{"allow":["GET"]}}],"collection":[{"href":"https:\/\/www.yogaimhof.de\/index.php?rest_route=\/wp\/v2\/posts"}],"about":[{"href":"https:\/\/www.yogaimhof.de\/index.php?rest_route=\/wp\/v2\/types\/post"}],"author":[{"embeddable":true,"href":"https:\/\/www.yogaimhof.de\/index.php?rest_route=\/wp\/v2\/users\/1"}],"replies":[{"embeddable":true,"href":"https:\/\/www.yogaimhof.de\/index.php?rest_route=%2Fwp%2Fv2%2Fcomments&post=5616"}],"version-history":[{"count":9,"href":"https:\/\/www.yogaimhof.de\/index.php?rest_route=\/wp\/v2\/posts\/5616\/revisions"}],"predecessor-version":[{"id":5702,"href":"https:\/\/www.yogaimhof.de\/index.php?rest_route=\/wp\/v2\/posts\/5616\/revisions\/5702"}],"wp:attachment":[{"href":"https:\/\/www.yogaimhof.de\/index.php?rest_route=%2Fwp%2Fv2%2Fmedia&parent=5616"}],"wp:term":[{"taxonomy":"category","embeddable":true,"href":"https:\/\/www.yogaimhof.de\/index.php?rest_route=%2Fwp%2Fv2%2Fcategories&post=5616"},{"taxonomy":"post_tag","embeddable":true,"href":"https:\/\/www.yogaimhof.de\/index.php?rest_route=%2Fwp%2Fv2%2Ftags&post=5616"}],"curies":[{"name":"wp","href":"https:\/\/api.w.org\/{rel}","templated":true}]}}