{"id":5098,"date":"2023-04-17T14:19:15","date_gmt":"2023-04-17T13:19:15","guid":{"rendered":"https:\/\/www.yogaimhof.de\/?p=5098"},"modified":"2023-04-26T07:52:54","modified_gmt":"2023-04-26T06:52:54","slug":"neuermaessigte-preise","status":"publish","type":"post","link":"https:\/\/www.yogaimhof.de\/?p=5098","title":{"rendered":"Neu:erm\u00e4\u00dfigte Preise"},"content":{"rendered":"\n<p>Ab sofort bieten wir Menschen, die B\u00fcrgergeld erhalten sowie Sch\u00fcler*innen \/ Auszubildenden und Studierenden erm\u00e4\u00dfigte Preise an: <\/p>\n\n\n\n<ul class=\"wp-block-list\">\n<li><strong>3er Schnupperkarte: \u20ac 25<\/strong> |G\u00fcltigkeit: 1 Monat&nbsp;      (kann nur beim ersten Besuch gekauft werden)<\/li>\n\n\n\n<li><strong>8er Karte: \u20ac 80&nbsp;<\/strong>|&nbsp;G\u00fcltigkeit: 3 Monate<\/li>\n<\/ul>\n\n\n\n<p>Solltest Du keiner dieser Gruppen angeh\u00f6ren, aber dennoch den erm\u00e4\u00dfigten Preis ben\u00f6tigen, schreibe uns an info@yogaimhof.de und wir finden eine L\u00f6sung.<\/p>\n\n\n\n<p><\/p>\n\n\n\n<p><\/p>\n\n\n\n<p><\/p>\n\n\n\n<figure class=\"wp-block-image size-full is-resized\"><img loading=\"lazy\" decoding=\"async\" src=\"https:\/\/www.yogaimhof.de\/wp-content\/uploads\/2023\/04\/3a209220-0868-4c44-ab06-a143720ce89d.jpg\" alt=\"\" class=\"wp-image-5043\" width=\"463\" height=\"347\" srcset=\"https:\/\/www.yogaimhof.de\/wp-content\/uploads\/2023\/04\/3a209220-0868-4c44-ab06-a143720ce89d.jpg 1024w, https:\/\/www.yogaimhof.de\/wp-content\/uploads\/2023\/04\/3a209220-0868-4c44-ab06-a143720ce89d-300x225.jpg 300w, https:\/\/www.yogaimhof.de\/wp-content\/uploads\/2023\/04\/3a209220-0868-4c44-ab06-a143720ce89d-768x576.jpg 768w\" sizes=\"auto, (max-width: 463px) 100vw, 463px\" \/><\/figure>\n","protected":false},"excerpt":{"rendered":"<p>Ab sofort bieten wir Menschen, die B\u00fcrgergeld erhalten sowie Sch\u00fcler*innen \/ Auszubildenden und Studierenden erm\u00e4\u00dfigte Preise an: Solltest Du keiner dieser Gruppen angeh\u00f6ren, aber dennoch den erm\u00e4\u00dfigten Preis ben\u00f6tigen, schreibe uns an info@yogaimhof.de und wir finden eine L\u00f6sung.<\/p>\n","protected":false},"author":1,"featured_media":0,"comment_status":"closed","ping_status":"closed","sticky":false,"template":"","format":"standard","meta":{"footnotes":""},"categories":[6,1],"tags":[24,216,44,98],"class_list":["post-5098","post","type-post","status-publish","format-standard","hentry","category-allgemeines","category-uncategorized","tag-yoga","tag-yoga-fuer-studierende","tag-yoga-im-bismarckviertel","tag-yoga-in-augsburg"],"yoast_head":"<!-- This site is optimized with the Yoast SEO plugin v27.5 - https:\/\/yoast.com\/product\/yoast-seo-wordpress\/ -->\n<title>Neu:erm\u00e4\u00dfigte Preise - Yoga im Hof - seit 2005 in Augsburg<\/title>\n<meta name=\"description\" content=\"Wir freuen uns, ab sofort Studierenden, Sch\u00fcler*innen, Auszubildenden und Menschen, die B\u00fcrgergeld erhalten, reduzierte Preise anzubieten.\" \/>\n<meta name=\"robots\" content=\"index, follow, max-snippet:-1, max-image-preview:large, max-video-preview:-1\" \/>\n<link rel=\"canonical\" href=\"https:\/\/www.yogaimhof.de\/?p=5098\" \/>\n<meta property=\"og:locale\" content=\"de_DE\" \/>\n<meta property=\"og:type\" content=\"article\" \/>\n<meta property=\"og:title\" content=\"Neu:erm\u00e4\u00dfigte Preise - Yoga im Hof - seit 2005 in Augsburg\" \/>\n<meta property=\"og:description\" content=\"Wir freuen uns, ab sofort Studierenden, Sch\u00fcler*innen, Auszubildenden und Menschen, die B\u00fcrgergeld erhalten, reduzierte Preise anzubieten.\" \/>\n<meta property=\"og:url\" content=\"https:\/\/www.yogaimhof.de\/?p=5098\" \/>\n<meta property=\"og:site_name\" content=\"Yoga im Hof - seit 2005 in Augsburg\" \/>\n<meta property=\"article:publisher\" content=\"https:\/\/www.facebook.com\/profile.php?id=100063689761446\" \/>\n<meta property=\"article:published_time\" content=\"2023-04-17T13:19:15+00:00\" \/>\n<meta property=\"article:modified_time\" content=\"2023-04-26T06:52:54+00:00\" \/>\n<meta property=\"og:image\" content=\"https:\/\/www.yogaimhof.de\/wp-content\/uploads\/2023\/04\/3a209220-0868-4c44-ab06-a143720ce89d.jpg\" \/>\n<meta name=\"author\" content=\"admin\" \/>\n<meta name=\"twitter:card\" content=\"summary_large_image\" \/>\n<meta name=\"twitter:label1\" content=\"Verfasst von\" \/>\n\t<meta name=\"twitter:data1\" content=\"admin\" \/>\n\t<meta name=\"twitter:label2\" content=\"Gesch\u00e4tzte Lesezeit\" \/>\n\t<meta name=\"twitter:data2\" content=\"1\u00a0Minute\" \/>\n<script type=\"application\/ld+json\" class=\"yoast-schema-graph\">{\"@context\":\"https:\\\/\\\/schema.org\",\"@graph\":[{\"@type\":\"Article\",\"@id\":\"https:\\\/\\\/www.yogaimhof.de\\\/?p=5098#article\",\"isPartOf\":{\"@id\":\"https:\\\/\\\/www.yogaimhof.de\\\/?p=5098\"},\"author\":{\"name\":\"admin\",\"@id\":\"https:\\\/\\\/www.yogaimhof.de\\\/#\\\/schema\\\/person\\\/40639ab66b02febb41066df02d5e90ce\"},\"headline\":\"Neu:erm\u00e4\u00dfigte Preise\",\"datePublished\":\"2023-04-17T13:19:15+00:00\",\"dateModified\":\"2023-04-26T06:52:54+00:00\",\"mainEntityOfPage\":{\"@id\":\"https:\\\/\\\/www.yogaimhof.de\\\/?p=5098\"},\"wordCount\":71,\"publisher\":{\"@id\":\"https:\\\/\\\/www.yogaimhof.de\\\/#organization\"},\"image\":{\"@id\":\"https:\\\/\\\/www.yogaimhof.de\\\/?p=5098#primaryimage\"},\"thumbnailUrl\":\"https:\\\/\\\/www.yogaimhof.de\\\/wp-content\\\/uploads\\\/2023\\\/04\\\/3a209220-0868-4c44-ab06-a143720ce89d.jpg\",\"keywords\":[\"Yoga\",\"Yoga f\u00fcr Studierende\",\"Yoga im Bismarckviertel\",\"Yoga in Augsburg\"],\"articleSection\":[\"Allgemeines\",\"Uncategorized\"],\"inLanguage\":\"de\"},{\"@type\":\"WebPage\",\"@id\":\"https:\\\/\\\/www.yogaimhof.de\\\/?p=5098\",\"url\":\"https:\\\/\\\/www.yogaimhof.de\\\/?p=5098\",\"name\":\"Neu:erm\u00e4\u00dfigte Preise - Yoga im Hof - seit 2005 in Augsburg\",\"isPartOf\":{\"@id\":\"https:\\\/\\\/www.yogaimhof.de\\\/#website\"},\"primaryImageOfPage\":{\"@id\":\"https:\\\/\\\/www.yogaimhof.de\\\/?p=5098#primaryimage\"},\"image\":{\"@id\":\"https:\\\/\\\/www.yogaimhof.de\\\/?p=5098#primaryimage\"},\"thumbnailUrl\":\"https:\\\/\\\/www.yogaimhof.de\\\/wp-content\\\/uploads\\\/2023\\\/04\\\/3a209220-0868-4c44-ab06-a143720ce89d.jpg\",\"datePublished\":\"2023-04-17T13:19:15+00:00\",\"dateModified\":\"2023-04-26T06:52:54+00:00\",\"description\":\"Wir freuen uns, ab sofort Studierenden, Sch\u00fcler*innen, Auszubildenden und Menschen, die B\u00fcrgergeld erhalten, reduzierte Preise anzubieten.\",\"breadcrumb\":{\"@id\":\"https:\\\/\\\/www.yogaimhof.de\\\/?p=5098#breadcrumb\"},\"inLanguage\":\"de\",\"potentialAction\":[{\"@type\":\"ReadAction\",\"target\":[\"https:\\\/\\\/www.yogaimhof.de\\\/?p=5098\"]}]},{\"@type\":\"ImageObject\",\"inLanguage\":\"de\",\"@id\":\"https:\\\/\\\/www.yogaimhof.de\\\/?p=5098#primaryimage\",\"url\":\"https:\\\/\\\/www.yogaimhof.de\\\/wp-content\\\/uploads\\\/2023\\\/04\\\/3a209220-0868-4c44-ab06-a143720ce89d.jpg\",\"contentUrl\":\"https:\\\/\\\/www.yogaimhof.de\\\/wp-content\\\/uploads\\\/2023\\\/04\\\/3a209220-0868-4c44-ab06-a143720ce89d.jpg\",\"width\":1024,\"height\":768},{\"@type\":\"BreadcrumbList\",\"@id\":\"https:\\\/\\\/www.yogaimhof.de\\\/?p=5098#breadcrumb\",\"itemListElement\":[{\"@type\":\"ListItem\",\"position\":1,\"name\":\"Startseite\",\"item\":\"https:\\\/\\\/www.yogaimhof.de\\\/\"},{\"@type\":\"ListItem\",\"position\":2,\"name\":\"Neu:erm\u00e4\u00dfigte Preise\"}]},{\"@type\":\"WebSite\",\"@id\":\"https:\\\/\\\/www.yogaimhof.de\\\/#website\",\"url\":\"https:\\\/\\\/www.yogaimhof.de\\\/\",\"name\":\"Yoga im Hof - seit 2005 in Augsburg\",\"description\":\"Zeit f\u00fcr Yoga... Zeit f\u00fcr Dich.\",\"publisher\":{\"@id\":\"https:\\\/\\\/www.yogaimhof.de\\\/#organization\"},\"potentialAction\":[{\"@type\":\"SearchAction\",\"target\":{\"@type\":\"EntryPoint\",\"urlTemplate\":\"https:\\\/\\\/www.yogaimhof.de\\\/?s={search_term_string}\"},\"query-input\":{\"@type\":\"PropertyValueSpecification\",\"valueRequired\":true,\"valueName\":\"search_term_string\"}}],\"inLanguage\":\"de\"},{\"@type\":\"Organization\",\"@id\":\"https:\\\/\\\/www.yogaimhof.de\\\/#organization\",\"name\":\"Yoga im Hof - seit 2005 in Augsburg\",\"url\":\"https:\\\/\\\/www.yogaimhof.de\\\/\",\"logo\":{\"@type\":\"ImageObject\",\"inLanguage\":\"de\",\"@id\":\"https:\\\/\\\/www.yogaimhof.de\\\/#\\\/schema\\\/logo\\\/image\\\/\",\"url\":\"https:\\\/\\\/www.yogaimhof.de\\\/wp-content\\\/uploads\\\/2018\\\/05\\\/Logo-YIH.png\",\"contentUrl\":\"https:\\\/\\\/www.yogaimhof.de\\\/wp-content\\\/uploads\\\/2018\\\/05\\\/Logo-YIH.png\",\"width\":200,\"height\":198,\"caption\":\"Yoga im Hof - seit 2005 in Augsburg\"},\"image\":{\"@id\":\"https:\\\/\\\/www.yogaimhof.de\\\/#\\\/schema\\\/logo\\\/image\\\/\"},\"sameAs\":[\"https:\\\/\\\/www.facebook.com\\\/profile.php?id=100063689761446\"]},{\"@type\":\"Person\",\"@id\":\"https:\\\/\\\/www.yogaimhof.de\\\/#\\\/schema\\\/person\\\/40639ab66b02febb41066df02d5e90ce\",\"name\":\"admin\",\"image\":{\"@type\":\"ImageObject\",\"inLanguage\":\"de\",\"@id\":\"https:\\\/\\\/secure.gravatar.com\\\/avatar\\\/7c94d33d7cae1142e0d8384ce86108dad6ea2c4a24c1c816625bcd8df15903cf?s=96&d=mm&r=g\",\"url\":\"https:\\\/\\\/secure.gravatar.com\\\/avatar\\\/7c94d33d7cae1142e0d8384ce86108dad6ea2c4a24c1c816625bcd8df15903cf?s=96&d=mm&r=g\",\"contentUrl\":\"https:\\\/\\\/secure.gravatar.com\\\/avatar\\\/7c94d33d7cae1142e0d8384ce86108dad6ea2c4a24c1c816625bcd8df15903cf?s=96&d=mm&r=g\",\"caption\":\"admin\"},\"sameAs\":[\"https:\\\/\\\/www.instagram.com\\\/yoga_im_hof_augsburg\\\/\"],\"url\":\"https:\\\/\\\/www.yogaimhof.de\\\/?author=1\"}]}<\/script>\n<!-- \/ Yoast SEO plugin. -->","yoast_head_json":{"title":"Neu:erm\u00e4\u00dfigte Preise - Yoga im Hof - seit 2005 in Augsburg","description":"Wir freuen uns, ab sofort Studierenden, Sch\u00fcler*innen, Auszubildenden und Menschen, die B\u00fcrgergeld erhalten, reduzierte Preise anzubieten.","robots":{"index":"index","follow":"follow","max-snippet":"max-snippet:-1","max-image-preview":"max-image-preview:large","max-video-preview":"max-video-preview:-1"},"canonical":"https:\/\/www.yogaimhof.de\/?p=5098","og_locale":"de_DE","og_type":"article","og_title":"Neu:erm\u00e4\u00dfigte Preise - Yoga im Hof - seit 2005 in Augsburg","og_description":"Wir freuen uns, ab sofort Studierenden, Sch\u00fcler*innen, Auszubildenden und Menschen, die B\u00fcrgergeld erhalten, reduzierte Preise anzubieten.","og_url":"https:\/\/www.yogaimhof.de\/?p=5098","og_site_name":"Yoga im Hof - seit 2005 in Augsburg","article_publisher":"https:\/\/www.facebook.com\/profile.php?id=100063689761446","article_published_time":"2023-04-17T13:19:15+00:00","article_modified_time":"2023-04-26T06:52:54+00:00","og_image":[{"url":"https:\/\/www.yogaimhof.de\/wp-content\/uploads\/2023\/04\/3a209220-0868-4c44-ab06-a143720ce89d.jpg","type":"","width":"","height":""}],"author":"admin","twitter_card":"summary_large_image","twitter_misc":{"Verfasst von":"admin","Gesch\u00e4tzte Lesezeit":"1\u00a0Minute"},"schema":{"@context":"https:\/\/schema.org","@graph":[{"@type":"Article","@id":"https:\/\/www.yogaimhof.de\/?p=5098#article","isPartOf":{"@id":"https:\/\/www.yogaimhof.de\/?p=5098"},"author":{"name":"admin","@id":"https:\/\/www.yogaimhof.de\/#\/schema\/person\/40639ab66b02febb41066df02d5e90ce"},"headline":"Neu:erm\u00e4\u00dfigte Preise","datePublished":"2023-04-17T13:19:15+00:00","dateModified":"2023-04-26T06:52:54+00:00","mainEntityOfPage":{"@id":"https:\/\/www.yogaimhof.de\/?p=5098"},"wordCount":71,"publisher":{"@id":"https:\/\/www.yogaimhof.de\/#organization"},"image":{"@id":"https:\/\/www.yogaimhof.de\/?p=5098#primaryimage"},"thumbnailUrl":"https:\/\/www.yogaimhof.de\/wp-content\/uploads\/2023\/04\/3a209220-0868-4c44-ab06-a143720ce89d.jpg","keywords":["Yoga","Yoga f\u00fcr Studierende","Yoga im Bismarckviertel","Yoga in Augsburg"],"articleSection":["Allgemeines","Uncategorized"],"inLanguage":"de"},{"@type":"WebPage","@id":"https:\/\/www.yogaimhof.de\/?p=5098","url":"https:\/\/www.yogaimhof.de\/?p=5098","name":"Neu:erm\u00e4\u00dfigte Preise - Yoga im Hof - seit 2005 in Augsburg","isPartOf":{"@id":"https:\/\/www.yogaimhof.de\/#website"},"primaryImageOfPage":{"@id":"https:\/\/www.yogaimhof.de\/?p=5098#primaryimage"},"image":{"@id":"https:\/\/www.yogaimhof.de\/?p=5098#primaryimage"},"thumbnailUrl":"https:\/\/www.yogaimhof.de\/wp-content\/uploads\/2023\/04\/3a209220-0868-4c44-ab06-a143720ce89d.jpg","datePublished":"2023-04-17T13:19:15+00:00","dateModified":"2023-04-26T06:52:54+00:00","description":"Wir freuen uns, ab sofort Studierenden, Sch\u00fcler*innen, Auszubildenden und Menschen, die B\u00fcrgergeld erhalten, reduzierte Preise anzubieten.","breadcrumb":{"@id":"https:\/\/www.yogaimhof.de\/?p=5098#breadcrumb"},"inLanguage":"de","potentialAction":[{"@type":"ReadAction","target":["https:\/\/www.yogaimhof.de\/?p=5098"]}]},{"@type":"ImageObject","inLanguage":"de","@id":"https:\/\/www.yogaimhof.de\/?p=5098#primaryimage","url":"https:\/\/www.yogaimhof.de\/wp-content\/uploads\/2023\/04\/3a209220-0868-4c44-ab06-a143720ce89d.jpg","contentUrl":"https:\/\/www.yogaimhof.de\/wp-content\/uploads\/2023\/04\/3a209220-0868-4c44-ab06-a143720ce89d.jpg","width":1024,"height":768},{"@type":"BreadcrumbList","@id":"https:\/\/www.yogaimhof.de\/?p=5098#breadcrumb","itemListElement":[{"@type":"ListItem","position":1,"name":"Startseite","item":"https:\/\/www.yogaimhof.de\/"},{"@type":"ListItem","position":2,"name":"Neu:erm\u00e4\u00dfigte Preise"}]},{"@type":"WebSite","@id":"https:\/\/www.yogaimhof.de\/#website","url":"https:\/\/www.yogaimhof.de\/","name":"Yoga im Hof - seit 2005 in Augsburg","description":"Zeit f\u00fcr Yoga... Zeit f\u00fcr Dich.","publisher":{"@id":"https:\/\/www.yogaimhof.de\/#organization"},"potentialAction":[{"@type":"SearchAction","target":{"@type":"EntryPoint","urlTemplate":"https:\/\/www.yogaimhof.de\/?s={search_term_string}"},"query-input":{"@type":"PropertyValueSpecification","valueRequired":true,"valueName":"search_term_string"}}],"inLanguage":"de"},{"@type":"Organization","@id":"https:\/\/www.yogaimhof.de\/#organization","name":"Yoga im Hof - seit 2005 in Augsburg","url":"https:\/\/www.yogaimhof.de\/","logo":{"@type":"ImageObject","inLanguage":"de","@id":"https:\/\/www.yogaimhof.de\/#\/schema\/logo\/image\/","url":"https:\/\/www.yogaimhof.de\/wp-content\/uploads\/2018\/05\/Logo-YIH.png","contentUrl":"https:\/\/www.yogaimhof.de\/wp-content\/uploads\/2018\/05\/Logo-YIH.png","width":200,"height":198,"caption":"Yoga im Hof - seit 2005 in Augsburg"},"image":{"@id":"https:\/\/www.yogaimhof.de\/#\/schema\/logo\/image\/"},"sameAs":["https:\/\/www.facebook.com\/profile.php?id=100063689761446"]},{"@type":"Person","@id":"https:\/\/www.yogaimhof.de\/#\/schema\/person\/40639ab66b02febb41066df02d5e90ce","name":"admin","image":{"@type":"ImageObject","inLanguage":"de","@id":"https:\/\/secure.gravatar.com\/avatar\/7c94d33d7cae1142e0d8384ce86108dad6ea2c4a24c1c816625bcd8df15903cf?s=96&d=mm&r=g","url":"https:\/\/secure.gravatar.com\/avatar\/7c94d33d7cae1142e0d8384ce86108dad6ea2c4a24c1c816625bcd8df15903cf?s=96&d=mm&r=g","contentUrl":"https:\/\/secure.gravatar.com\/avatar\/7c94d33d7cae1142e0d8384ce86108dad6ea2c4a24c1c816625bcd8df15903cf?s=96&d=mm&r=g","caption":"admin"},"sameAs":["https:\/\/www.instagram.com\/yoga_im_hof_augsburg\/"],"url":"https:\/\/www.yogaimhof.de\/?author=1"}]}},"_links":{"self":[{"href":"https:\/\/www.yogaimhof.de\/index.php?rest_route=\/wp\/v2\/posts\/5098","targetHints":{"allow":["GET"]}}],"collection":[{"href":"https:\/\/www.yogaimhof.de\/index.php?rest_route=\/wp\/v2\/posts"}],"about":[{"href":"https:\/\/www.yogaimhof.de\/index.php?rest_route=\/wp\/v2\/types\/post"}],"author":[{"embeddable":true,"href":"https:\/\/www.yogaimhof.de\/index.php?rest_route=\/wp\/v2\/users\/1"}],"replies":[{"embeddable":true,"href":"https:\/\/www.yogaimhof.de\/index.php?rest_route=%2Fwp%2Fv2%2Fcomments&post=5098"}],"version-history":[{"count":7,"href":"https:\/\/www.yogaimhof.de\/index.php?rest_route=\/wp\/v2\/posts\/5098\/revisions"}],"predecessor-version":[{"id":5105,"href":"https:\/\/www.yogaimhof.de\/index.php?rest_route=\/wp\/v2\/posts\/5098\/revisions\/5105"}],"wp:attachment":[{"href":"https:\/\/www.yogaimhof.de\/index.php?rest_route=%2Fwp%2Fv2%2Fmedia&parent=5098"}],"wp:term":[{"taxonomy":"category","embeddable":true,"href":"https:\/\/www.yogaimhof.de\/index.php?rest_route=%2Fwp%2Fv2%2Fcategories&post=5098"},{"taxonomy":"post_tag","embeddable":true,"href":"https:\/\/www.yogaimhof.de\/index.php?rest_route=%2Fwp%2Fv2%2Ftags&post=5098"}],"curies":[{"name":"wp","href":"https:\/\/api.w.org\/{rel}","templated":true}]}}