{"id":4902,"date":"2023-03-14T14:17:22","date_gmt":"2023-03-14T13:17:22","guid":{"rendered":"https:\/\/www.yogaimhof.de\/?p=4902"},"modified":"2023-09-29T10:31:52","modified_gmt":"2023-09-29T09:31:52","slug":"benefiz-yoga-after-work-yoga-mit-lena20-und-27-3","status":"publish","type":"post","link":"https:\/\/www.yogaimhof.de\/?p=4902","title":{"rendered":"Yoga auf Spendenbasis: After Work\u00a0Yoga\u00a0mit Lena, 17.7."},"content":{"rendered":"\n<p><\/p>\n\n\n\n<hr class=\"wp-block-separator has-alpha-channel-opacity\"\/>\n\n\n\n<p>Am Montag, 17.7. k\u00f6nnt Ihr f\u00fcr einen guten Zweck Yoga \u00fcben. Im Anschluss an den letzten After Work Yoga&nbsp;Kurs von Lena (zur Kursbeschreibung <a href=\"https:\/\/www.yogaimhof.de\/?p=4899\">HIER<\/a>)&nbsp;gibt es eine Spendenstunde f\u00fcr alle! Jeder\/Jede kann mitmachen. &nbsp;<\/p>\n\n\n\n<figure class=\"wp-block-image size-large is-resized\"><img loading=\"lazy\" decoding=\"async\" src=\"https:\/\/www.yogaimhof.de\/wp-content\/uploads\/2023\/03\/IMG_3599-1024x768.jpg\" alt=\"\" class=\"wp-image-4939\" style=\"width:512px;height:384px\" width=\"512\" height=\"384\" srcset=\"https:\/\/www.yogaimhof.de\/wp-content\/uploads\/2023\/03\/IMG_3599-1024x768.jpg 1024w, https:\/\/www.yogaimhof.de\/wp-content\/uploads\/2023\/03\/IMG_3599-300x225.jpg 300w, https:\/\/www.yogaimhof.de\/wp-content\/uploads\/2023\/03\/IMG_3599-768x576.jpg 768w, https:\/\/www.yogaimhof.de\/wp-content\/uploads\/2023\/03\/IMG_3599-1536x1152.jpg 1536w, https:\/\/www.yogaimhof.de\/wp-content\/uploads\/2023\/03\/IMG_3599-2048x1536.jpg 2048w\" sizes=\"auto, (max-width: 512px) 100vw, 512px\" \/><\/figure>\n\n\n\n<p><\/p>\n\n\n\n<p><strong>Termin<\/strong>: 17.7. | 20-21 Uhr&nbsp;<\/p>\n\n\n\n<p><strong>Ort:<\/strong>&nbsp;vor Ort bei Yoga im Hof, Neidhartstr. 7, 86159 Augsburg oder online per Zoom (<a href=\"https:\/\/zoom.us\/j\/96465105376\">https:\/\/zoom.us\/j\/96465105376<\/a>&nbsp;Meeting-ID: 964 6510 5376) <\/p>\n\n\n\n<p><strong>Preis*:&nbsp;<\/strong><\/p>\n\n\n\n<p><strong>Soli: 20\u20ac (gern auch mehr als Spende) | regul\u00e4r: 15\u20ac | erm\u00e4\u00dfigt: 10\u20ac&nbsp;<\/strong><\/p>\n\n\n\n<p>Die Yogastunde wird ehrenamtlich gehalten, die Einnahmen gehen vollst\u00e4ndig an Medico International f\u00fcr die nach wie vor wichtige Nothilfe nach den Erdbeben in der T\u00fcrkei und Syrien&nbsp;<a href=\"https:\/\/www.medico.de\/kampagnen\/spendenaufruf-nothilfe-erdbeben\">https:\/\/www.medico.de\/kampagnen\/spendenaufruf-nothilfe-erdbeben<\/a><\/p>\n\n\n\n<p><strong>Teilnahme:<\/strong><\/p>\n\n\n\n<p>Einfach vorbeikommen und vor Ort bar spenden oder im Vorfeld \u00dcberweisung an: Yoga im Hof \u2013 IBAN: IBAN DE70 7315 0000 0000 4395 88, Sparkasse Schwaben Bodensee (Zweck \u201eAWY, Spendenstunde, Datum, Name\u201c) &nbsp;<\/p>\n\n\n\n<p>* Wir m\u00f6chten uns mit dem gestaffelten Bezahlsystem solidarisch gegen\u00fcber finanziell weniger gut Dastehenden zeigen. Du entscheidest selbst und musst keine Rechenschaft ablegen. Du kannst auch mehr zahlen und dadurch die Spendensumme erh\u00f6hen, die Einnahmen werden zu 100 % gespendet.&nbsp;<\/p>\n\n\n\n<p>&nbsp;<\/p>\n","protected":false},"excerpt":{"rendered":"<p>Am Montag, 17.7. k\u00f6nnt Ihr f\u00fcr einen guten Zweck Yoga \u00fcben. Im Anschluss an den letzten After Work Yoga&nbsp;Kurs von Lena (zur Kursbeschreibung HIER)&nbsp;gibt es eine Spendenstunde f\u00fcr alle! Jeder\/Jede kann mitmachen. &nbsp; Termin: 17.7. | 20-21 Uhr&nbsp; Ort:&nbsp;vor Ort bei Yoga im Hof, Neidhartstr. 7, 86159 Augsburg oder online per Zoom (https:\/\/zoom.us\/j\/96465105376&nbsp;Meeting-ID: 964 6510 [&hellip;]<\/p>\n","protected":false},"author":1,"featured_media":0,"comment_status":"closed","ping_status":"closed","sticky":false,"template":"","format":"standard","meta":{"footnotes":""},"categories":[215],"tags":[173],"class_list":["post-4902","post","type-post","status-publish","format-standard","hentry","category-benefiz","tag-yogakurse"],"yoast_head":"<!-- This site is optimized with the Yoast SEO plugin v27.5 - https:\/\/yoast.com\/product\/yoast-seo-wordpress\/ -->\n<title>Yoga auf Spendenbasis: After Work\u00a0Yoga\u00a0mit Lena, 17.7. - Yoga im Hof - seit 2005 in Augsburg<\/title>\n<meta name=\"description\" content=\"Lena unterrichtet eine Spendenstunde f\u00fcr die immer noch wichtige Erdbeben-Nothilfe in der T\u00fcrkei und in Syrien! Alle herzliche willkommen !\" \/>\n<meta name=\"robots\" content=\"index, follow, max-snippet:-1, max-image-preview:large, max-video-preview:-1\" \/>\n<link rel=\"canonical\" href=\"https:\/\/www.yogaimhof.de\/?p=4902\" \/>\n<meta property=\"og:locale\" content=\"de_DE\" \/>\n<meta property=\"og:type\" content=\"article\" \/>\n<meta property=\"og:title\" content=\"Yoga auf Spendenbasis: After Work\u00a0Yoga\u00a0mit Lena, 17.7. - Yoga im Hof - seit 2005 in Augsburg\" \/>\n<meta property=\"og:description\" content=\"Lena unterrichtet eine Spendenstunde f\u00fcr die immer noch wichtige Erdbeben-Nothilfe in der T\u00fcrkei und in Syrien! Alle herzliche willkommen !\" \/>\n<meta property=\"og:url\" content=\"https:\/\/www.yogaimhof.de\/?p=4902\" \/>\n<meta property=\"og:site_name\" content=\"Yoga im Hof - seit 2005 in Augsburg\" \/>\n<meta property=\"article:publisher\" content=\"https:\/\/www.facebook.com\/profile.php?id=100063689761446\" \/>\n<meta property=\"article:published_time\" content=\"2023-03-14T13:17:22+00:00\" \/>\n<meta property=\"article:modified_time\" content=\"2023-09-29T09:31:52+00:00\" \/>\n<meta property=\"og:image\" content=\"https:\/\/www.yogaimhof.de\/wp-content\/uploads\/2023\/03\/IMG_3599-1024x768.jpg\" \/>\n<meta name=\"author\" content=\"admin\" \/>\n<meta name=\"twitter:card\" content=\"summary_large_image\" \/>\n<meta name=\"twitter:label1\" content=\"Verfasst von\" \/>\n\t<meta name=\"twitter:data1\" content=\"admin\" \/>\n<script type=\"application\/ld+json\" class=\"yoast-schema-graph\">{\"@context\":\"https:\\\/\\\/schema.org\",\"@graph\":[{\"@type\":\"Article\",\"@id\":\"https:\\\/\\\/www.yogaimhof.de\\\/?p=4902#article\",\"isPartOf\":{\"@id\":\"https:\\\/\\\/www.yogaimhof.de\\\/?p=4902\"},\"author\":{\"name\":\"admin\",\"@id\":\"https:\\\/\\\/www.yogaimhof.de\\\/#\\\/schema\\\/person\\\/40639ab66b02febb41066df02d5e90ce\"},\"headline\":\"Yoga auf Spendenbasis: After Work\u00a0Yoga\u00a0mit Lena, 17.7.\",\"datePublished\":\"2023-03-14T13:17:22+00:00\",\"dateModified\":\"2023-09-29T09:31:52+00:00\",\"mainEntityOfPage\":{\"@id\":\"https:\\\/\\\/www.yogaimhof.de\\\/?p=4902\"},\"wordCount\":192,\"publisher\":{\"@id\":\"https:\\\/\\\/www.yogaimhof.de\\\/#organization\"},\"image\":{\"@id\":\"https:\\\/\\\/www.yogaimhof.de\\\/?p=4902#primaryimage\"},\"thumbnailUrl\":\"https:\\\/\\\/www.yogaimhof.de\\\/wp-content\\\/uploads\\\/2023\\\/03\\\/IMG_3599-1024x768.jpg\",\"keywords\":[\"Yogakurse\"],\"articleSection\":[\"Benefiz\"],\"inLanguage\":\"de\"},{\"@type\":\"WebPage\",\"@id\":\"https:\\\/\\\/www.yogaimhof.de\\\/?p=4902\",\"url\":\"https:\\\/\\\/www.yogaimhof.de\\\/?p=4902\",\"name\":\"Yoga auf Spendenbasis: After Work\u00a0Yoga\u00a0mit Lena, 17.7. - Yoga im Hof - seit 2005 in Augsburg\",\"isPartOf\":{\"@id\":\"https:\\\/\\\/www.yogaimhof.de\\\/#website\"},\"primaryImageOfPage\":{\"@id\":\"https:\\\/\\\/www.yogaimhof.de\\\/?p=4902#primaryimage\"},\"image\":{\"@id\":\"https:\\\/\\\/www.yogaimhof.de\\\/?p=4902#primaryimage\"},\"thumbnailUrl\":\"https:\\\/\\\/www.yogaimhof.de\\\/wp-content\\\/uploads\\\/2023\\\/03\\\/IMG_3599-1024x768.jpg\",\"datePublished\":\"2023-03-14T13:17:22+00:00\",\"dateModified\":\"2023-09-29T09:31:52+00:00\",\"description\":\"Lena unterrichtet eine Spendenstunde f\u00fcr die immer noch wichtige Erdbeben-Nothilfe in der T\u00fcrkei und in Syrien! Alle herzliche willkommen !\",\"breadcrumb\":{\"@id\":\"https:\\\/\\\/www.yogaimhof.de\\\/?p=4902#breadcrumb\"},\"inLanguage\":\"de\",\"potentialAction\":[{\"@type\":\"ReadAction\",\"target\":[\"https:\\\/\\\/www.yogaimhof.de\\\/?p=4902\"]}]},{\"@type\":\"ImageObject\",\"inLanguage\":\"de\",\"@id\":\"https:\\\/\\\/www.yogaimhof.de\\\/?p=4902#primaryimage\",\"url\":\"https:\\\/\\\/www.yogaimhof.de\\\/wp-content\\\/uploads\\\/2023\\\/03\\\/IMG_3599-scaled.jpg\",\"contentUrl\":\"https:\\\/\\\/www.yogaimhof.de\\\/wp-content\\\/uploads\\\/2023\\\/03\\\/IMG_3599-scaled.jpg\",\"width\":2560,\"height\":1920},{\"@type\":\"BreadcrumbList\",\"@id\":\"https:\\\/\\\/www.yogaimhof.de\\\/?p=4902#breadcrumb\",\"itemListElement\":[{\"@type\":\"ListItem\",\"position\":1,\"name\":\"Startseite\",\"item\":\"https:\\\/\\\/www.yogaimhof.de\\\/\"},{\"@type\":\"ListItem\",\"position\":2,\"name\":\"Yoga auf Spendenbasis: After Work\u00a0Yoga\u00a0mit Lena, 17.7.\"}]},{\"@type\":\"WebSite\",\"@id\":\"https:\\\/\\\/www.yogaimhof.de\\\/#website\",\"url\":\"https:\\\/\\\/www.yogaimhof.de\\\/\",\"name\":\"Yoga im Hof - seit 2005 in Augsburg\",\"description\":\"Zeit f\u00fcr Yoga... Zeit f\u00fcr Dich.\",\"publisher\":{\"@id\":\"https:\\\/\\\/www.yogaimhof.de\\\/#organization\"},\"potentialAction\":[{\"@type\":\"SearchAction\",\"target\":{\"@type\":\"EntryPoint\",\"urlTemplate\":\"https:\\\/\\\/www.yogaimhof.de\\\/?s={search_term_string}\"},\"query-input\":{\"@type\":\"PropertyValueSpecification\",\"valueRequired\":true,\"valueName\":\"search_term_string\"}}],\"inLanguage\":\"de\"},{\"@type\":\"Organization\",\"@id\":\"https:\\\/\\\/www.yogaimhof.de\\\/#organization\",\"name\":\"Yoga im Hof - seit 2005 in Augsburg\",\"url\":\"https:\\\/\\\/www.yogaimhof.de\\\/\",\"logo\":{\"@type\":\"ImageObject\",\"inLanguage\":\"de\",\"@id\":\"https:\\\/\\\/www.yogaimhof.de\\\/#\\\/schema\\\/logo\\\/image\\\/\",\"url\":\"https:\\\/\\\/www.yogaimhof.de\\\/wp-content\\\/uploads\\\/2018\\\/05\\\/Logo-YIH.png\",\"contentUrl\":\"https:\\\/\\\/www.yogaimhof.de\\\/wp-content\\\/uploads\\\/2018\\\/05\\\/Logo-YIH.png\",\"width\":200,\"height\":198,\"caption\":\"Yoga im Hof - seit 2005 in Augsburg\"},\"image\":{\"@id\":\"https:\\\/\\\/www.yogaimhof.de\\\/#\\\/schema\\\/logo\\\/image\\\/\"},\"sameAs\":[\"https:\\\/\\\/www.facebook.com\\\/profile.php?id=100063689761446\"]},{\"@type\":\"Person\",\"@id\":\"https:\\\/\\\/www.yogaimhof.de\\\/#\\\/schema\\\/person\\\/40639ab66b02febb41066df02d5e90ce\",\"name\":\"admin\",\"image\":{\"@type\":\"ImageObject\",\"inLanguage\":\"de\",\"@id\":\"https:\\\/\\\/secure.gravatar.com\\\/avatar\\\/7c94d33d7cae1142e0d8384ce86108dad6ea2c4a24c1c816625bcd8df15903cf?s=96&d=mm&r=g\",\"url\":\"https:\\\/\\\/secure.gravatar.com\\\/avatar\\\/7c94d33d7cae1142e0d8384ce86108dad6ea2c4a24c1c816625bcd8df15903cf?s=96&d=mm&r=g\",\"contentUrl\":\"https:\\\/\\\/secure.gravatar.com\\\/avatar\\\/7c94d33d7cae1142e0d8384ce86108dad6ea2c4a24c1c816625bcd8df15903cf?s=96&d=mm&r=g\",\"caption\":\"admin\"},\"sameAs\":[\"https:\\\/\\\/www.instagram.com\\\/yoga_im_hof_augsburg\\\/\"],\"url\":\"https:\\\/\\\/www.yogaimhof.de\\\/?author=1\"}]}<\/script>\n<!-- \/ Yoast SEO plugin. -->","yoast_head_json":{"title":"Yoga auf Spendenbasis: After Work\u00a0Yoga\u00a0mit Lena, 17.7. - Yoga im Hof - seit 2005 in Augsburg","description":"Lena unterrichtet eine Spendenstunde f\u00fcr die immer noch wichtige Erdbeben-Nothilfe in der T\u00fcrkei und in Syrien! Alle herzliche willkommen !","robots":{"index":"index","follow":"follow","max-snippet":"max-snippet:-1","max-image-preview":"max-image-preview:large","max-video-preview":"max-video-preview:-1"},"canonical":"https:\/\/www.yogaimhof.de\/?p=4902","og_locale":"de_DE","og_type":"article","og_title":"Yoga auf Spendenbasis: After Work\u00a0Yoga\u00a0mit Lena, 17.7. - Yoga im Hof - seit 2005 in Augsburg","og_description":"Lena unterrichtet eine Spendenstunde f\u00fcr die immer noch wichtige Erdbeben-Nothilfe in der T\u00fcrkei und in Syrien! Alle herzliche willkommen !","og_url":"https:\/\/www.yogaimhof.de\/?p=4902","og_site_name":"Yoga im Hof - seit 2005 in Augsburg","article_publisher":"https:\/\/www.facebook.com\/profile.php?id=100063689761446","article_published_time":"2023-03-14T13:17:22+00:00","article_modified_time":"2023-09-29T09:31:52+00:00","og_image":[{"url":"https:\/\/www.yogaimhof.de\/wp-content\/uploads\/2023\/03\/IMG_3599-1024x768.jpg","type":"","width":"","height":""}],"author":"admin","twitter_card":"summary_large_image","twitter_misc":{"Verfasst von":"admin"},"schema":{"@context":"https:\/\/schema.org","@graph":[{"@type":"Article","@id":"https:\/\/www.yogaimhof.de\/?p=4902#article","isPartOf":{"@id":"https:\/\/www.yogaimhof.de\/?p=4902"},"author":{"name":"admin","@id":"https:\/\/www.yogaimhof.de\/#\/schema\/person\/40639ab66b02febb41066df02d5e90ce"},"headline":"Yoga auf Spendenbasis: After Work\u00a0Yoga\u00a0mit Lena, 17.7.","datePublished":"2023-03-14T13:17:22+00:00","dateModified":"2023-09-29T09:31:52+00:00","mainEntityOfPage":{"@id":"https:\/\/www.yogaimhof.de\/?p=4902"},"wordCount":192,"publisher":{"@id":"https:\/\/www.yogaimhof.de\/#organization"},"image":{"@id":"https:\/\/www.yogaimhof.de\/?p=4902#primaryimage"},"thumbnailUrl":"https:\/\/www.yogaimhof.de\/wp-content\/uploads\/2023\/03\/IMG_3599-1024x768.jpg","keywords":["Yogakurse"],"articleSection":["Benefiz"],"inLanguage":"de"},{"@type":"WebPage","@id":"https:\/\/www.yogaimhof.de\/?p=4902","url":"https:\/\/www.yogaimhof.de\/?p=4902","name":"Yoga auf Spendenbasis: After Work\u00a0Yoga\u00a0mit Lena, 17.7. - Yoga im Hof - seit 2005 in Augsburg","isPartOf":{"@id":"https:\/\/www.yogaimhof.de\/#website"},"primaryImageOfPage":{"@id":"https:\/\/www.yogaimhof.de\/?p=4902#primaryimage"},"image":{"@id":"https:\/\/www.yogaimhof.de\/?p=4902#primaryimage"},"thumbnailUrl":"https:\/\/www.yogaimhof.de\/wp-content\/uploads\/2023\/03\/IMG_3599-1024x768.jpg","datePublished":"2023-03-14T13:17:22+00:00","dateModified":"2023-09-29T09:31:52+00:00","description":"Lena unterrichtet eine Spendenstunde f\u00fcr die immer noch wichtige Erdbeben-Nothilfe in der T\u00fcrkei und in Syrien! Alle herzliche willkommen !","breadcrumb":{"@id":"https:\/\/www.yogaimhof.de\/?p=4902#breadcrumb"},"inLanguage":"de","potentialAction":[{"@type":"ReadAction","target":["https:\/\/www.yogaimhof.de\/?p=4902"]}]},{"@type":"ImageObject","inLanguage":"de","@id":"https:\/\/www.yogaimhof.de\/?p=4902#primaryimage","url":"https:\/\/www.yogaimhof.de\/wp-content\/uploads\/2023\/03\/IMG_3599-scaled.jpg","contentUrl":"https:\/\/www.yogaimhof.de\/wp-content\/uploads\/2023\/03\/IMG_3599-scaled.jpg","width":2560,"height":1920},{"@type":"BreadcrumbList","@id":"https:\/\/www.yogaimhof.de\/?p=4902#breadcrumb","itemListElement":[{"@type":"ListItem","position":1,"name":"Startseite","item":"https:\/\/www.yogaimhof.de\/"},{"@type":"ListItem","position":2,"name":"Yoga auf Spendenbasis: After Work\u00a0Yoga\u00a0mit Lena, 17.7."}]},{"@type":"WebSite","@id":"https:\/\/www.yogaimhof.de\/#website","url":"https:\/\/www.yogaimhof.de\/","name":"Yoga im Hof - seit 2005 in Augsburg","description":"Zeit f\u00fcr Yoga... Zeit f\u00fcr Dich.","publisher":{"@id":"https:\/\/www.yogaimhof.de\/#organization"},"potentialAction":[{"@type":"SearchAction","target":{"@type":"EntryPoint","urlTemplate":"https:\/\/www.yogaimhof.de\/?s={search_term_string}"},"query-input":{"@type":"PropertyValueSpecification","valueRequired":true,"valueName":"search_term_string"}}],"inLanguage":"de"},{"@type":"Organization","@id":"https:\/\/www.yogaimhof.de\/#organization","name":"Yoga im Hof - seit 2005 in Augsburg","url":"https:\/\/www.yogaimhof.de\/","logo":{"@type":"ImageObject","inLanguage":"de","@id":"https:\/\/www.yogaimhof.de\/#\/schema\/logo\/image\/","url":"https:\/\/www.yogaimhof.de\/wp-content\/uploads\/2018\/05\/Logo-YIH.png","contentUrl":"https:\/\/www.yogaimhof.de\/wp-content\/uploads\/2018\/05\/Logo-YIH.png","width":200,"height":198,"caption":"Yoga im Hof - seit 2005 in Augsburg"},"image":{"@id":"https:\/\/www.yogaimhof.de\/#\/schema\/logo\/image\/"},"sameAs":["https:\/\/www.facebook.com\/profile.php?id=100063689761446"]},{"@type":"Person","@id":"https:\/\/www.yogaimhof.de\/#\/schema\/person\/40639ab66b02febb41066df02d5e90ce","name":"admin","image":{"@type":"ImageObject","inLanguage":"de","@id":"https:\/\/secure.gravatar.com\/avatar\/7c94d33d7cae1142e0d8384ce86108dad6ea2c4a24c1c816625bcd8df15903cf?s=96&d=mm&r=g","url":"https:\/\/secure.gravatar.com\/avatar\/7c94d33d7cae1142e0d8384ce86108dad6ea2c4a24c1c816625bcd8df15903cf?s=96&d=mm&r=g","contentUrl":"https:\/\/secure.gravatar.com\/avatar\/7c94d33d7cae1142e0d8384ce86108dad6ea2c4a24c1c816625bcd8df15903cf?s=96&d=mm&r=g","caption":"admin"},"sameAs":["https:\/\/www.instagram.com\/yoga_im_hof_augsburg\/"],"url":"https:\/\/www.yogaimhof.de\/?author=1"}]}},"_links":{"self":[{"href":"https:\/\/www.yogaimhof.de\/index.php?rest_route=\/wp\/v2\/posts\/4902","targetHints":{"allow":["GET"]}}],"collection":[{"href":"https:\/\/www.yogaimhof.de\/index.php?rest_route=\/wp\/v2\/posts"}],"about":[{"href":"https:\/\/www.yogaimhof.de\/index.php?rest_route=\/wp\/v2\/types\/post"}],"author":[{"embeddable":true,"href":"https:\/\/www.yogaimhof.de\/index.php?rest_route=\/wp\/v2\/users\/1"}],"replies":[{"embeddable":true,"href":"https:\/\/www.yogaimhof.de\/index.php?rest_route=%2Fwp%2Fv2%2Fcomments&post=4902"}],"version-history":[{"count":16,"href":"https:\/\/www.yogaimhof.de\/index.php?rest_route=\/wp\/v2\/posts\/4902\/revisions"}],"predecessor-version":[{"id":5643,"href":"https:\/\/www.yogaimhof.de\/index.php?rest_route=\/wp\/v2\/posts\/4902\/revisions\/5643"}],"wp:attachment":[{"href":"https:\/\/www.yogaimhof.de\/index.php?rest_route=%2Fwp%2Fv2%2Fmedia&parent=4902"}],"wp:term":[{"taxonomy":"category","embeddable":true,"href":"https:\/\/www.yogaimhof.de\/index.php?rest_route=%2Fwp%2Fv2%2Fcategories&post=4902"},{"taxonomy":"post_tag","embeddable":true,"href":"https:\/\/www.yogaimhof.de\/index.php?rest_route=%2Fwp%2Fv2%2Ftags&post=4902"}],"curies":[{"name":"wp","href":"https:\/\/api.w.org\/{rel}","templated":true}]}}