{"id":4899,"date":"2023-03-14T14:41:42","date_gmt":"2023-03-14T13:41:42","guid":{"rendered":"https:\/\/www.yogaimhof.de\/?p=4899"},"modified":"2023-03-14T14:41:44","modified_gmt":"2023-03-14T13:41:44","slug":"after-work-yoga-kurs-mit-lena-neu-ab-24-4","status":"publish","type":"post","link":"https:\/\/www.yogaimhof.de\/?p=4899","title":{"rendered":"After Work Yoga-Kurs mit Lena &#8211; neu ab 24.4."},"content":{"rendered":"\n<p>Lenas beliebter After Work Yoga-Kurs geht in eine neue Runde und unterst\u00fctzt Dich dabei, Deine Vors\u00e4tze im Bereich Gesundheit, Bewegung, Entspannung in die Tat umzusetzen. Probier\u00b4s aus! <\/p>\n\n\n\n<figure class=\"wp-block-image aligncenter size-large is-resized\"><img loading=\"lazy\" decoding=\"async\" src=\"https:\/\/www.yogaimhof.de\/wp-content\/uploads\/2021\/12\/Lena-als-Kind-2-1024x760.jpg\" alt=\"\" class=\"wp-image-3780\" width=\"383\" height=\"284\" srcset=\"https:\/\/www.yogaimhof.de\/wp-content\/uploads\/2021\/12\/Lena-als-Kind-2-1024x760.jpg 1024w, https:\/\/www.yogaimhof.de\/wp-content\/uploads\/2021\/12\/Lena-als-Kind-2-300x223.jpg 300w, https:\/\/www.yogaimhof.de\/wp-content\/uploads\/2021\/12\/Lena-als-Kind-2-768x570.jpg 768w, https:\/\/www.yogaimhof.de\/wp-content\/uploads\/2021\/12\/Lena-als-Kind-2-1536x1140.jpg 1536w, https:\/\/www.yogaimhof.de\/wp-content\/uploads\/2021\/12\/Lena-als-Kind-2-2048x1520.jpg 2048w\" sizes=\"auto, (max-width: 383px) 100vw, 383px\" \/><\/figure>\n\n\n\n<p><strong>Kursbeschreibung After Work Yoga:&nbsp;<\/strong><\/p>\n\n\n\n<p>Vieles Sitzen, einseitige Arbeits- \/ Alltagshaltungen, wenig Bewegung \u2013 fast jede:r kennt es, dass am Abend der Nacken oder R\u00fccken zwickt und wir uns irgendwie unwohl f\u00fchlen, da uns Ausgleich, Bewegung und Erholung fehlen.&nbsp;<\/p>\n\n\n\n<p>In einer regenerativen Yogastunde am Abend widmen wir uns diesem Ungleichgewicht. Tief durchatmen, den K\u00f6rper bewegen und entspannen tut einfach gut und hilft uns bei einem wohligen Tagesausklang.&nbsp;<\/p>\n\n\n\n<p>Wir bahnen k\u00f6rperliche Ver\u00e4nderungsprozesse sanft und teilweise auch fordernd an, sp\u00fcren Verspannungen auf und schulen die Entspannungsf\u00e4higkeit. Dabei stehen verbreitete k\u00f6rperliche \u201eProblembereiche\u201c im Fokus und der Kurs bietet optimale M\u00f6glichkeiten, ressourcenorientiert die eigene Gesundheit zu f\u00f6rdern und Techniken zu erlernen, um mit Stressoren des (Arbeits-)Alltags besser umzugehen.&nbsp;<\/p>\n\n\n\n<ul class=\"wp-block-list\">\n<li><strong>Termine<\/strong>: 8 x 60 Min., Montag, 24.04.-26.06.2023 (Feiertage 1. und 29.5. entf\u00e4llt die Stunde)<\/li>\n\n\n\n<li><strong>Kurszeit<\/strong>: 20:00-21:00 Uhr&nbsp;<\/li>\n\n\n\n<li><strong>Ort:<\/strong>&nbsp;Online per Zoom oder vor Ort bei Yoga im Hof (Augsburg). Bitte gib bei Anmeldung an, ob Du vor Ort teilnehmen m\u00f6chtest, die Pl\u00e4tze sind begrenzt!<\/li>\n\n\n\n<li><strong>Kursleiterin:<\/strong>&nbsp;Lena Kroll&nbsp;<\/li>\n\n\n\n<li><strong>Kosten:<\/strong>&nbsp;115 Euro \/ 95 Euro (erm\u00e4\u00dfigt*); <strong>Bankverbindung Achtung NEU<\/strong>: Yoga im Hof | IBAN DE70 7315 0000 0000 439588, Sparkasse Schwaben-Bodensee<\/li>\n\n\n\n<li><strong>Anmeldung<\/strong>:&nbsp;<a href=\"mailto:info@yogaimhof.de\">info@yogaimhof.de<\/a><\/li>\n\n\n\n<li><strong>Krankenkassenerstattung:<\/strong> Der Kurs ist Krankenkassenzertifiziert. Bei Teilnahme an mind. 7 von 8 Kursstunden \u00fcbernehmen viele Kassen (anteilig) die Kosten. Frag\u00b4 am besten bei Deiner Kasse nach.\u00a0<\/li>\n<\/ul>\n\n\n\n<p>*erm\u00e4\u00dfigt: Der erm\u00e4\u00dfigte Beitrag gilt f\u00fcr alle, die finanziell nicht so gut dastehen. Du entscheidest selbst und musst keine Rechenschaft ablegen.&nbsp;<\/p>\n","protected":false},"excerpt":{"rendered":"<p>Lenas beliebter After Work Yoga-Kurs geht in eine neue Runde und unterst\u00fctzt Dich dabei, Deine Vors\u00e4tze im Bereich Gesundheit, Bewegung, Entspannung in die Tat umzusetzen. Probier\u00b4s aus! Kursbeschreibung After Work Yoga:&nbsp; Vieles Sitzen, einseitige Arbeits- \/ Alltagshaltungen, wenig Bewegung \u2013 fast jede:r kennt es, dass am Abend der Nacken oder R\u00fccken zwickt und wir uns [&hellip;]<\/p>\n","protected":false},"author":1,"featured_media":0,"comment_status":"closed","ping_status":"closed","sticky":false,"template":"","format":"standard","meta":{"footnotes":""},"categories":[214],"tags":[45,44,98,171],"class_list":["post-4899","post","type-post","status-publish","format-standard","hentry","category-praeventionskurse","tag-yoga-fur-den-rucken","tag-yoga-im-bismarckviertel","tag-yoga-in-augsburg","tag-yogakurse-in-augsburg"],"yoast_head":"<!-- This site is optimized with the Yoast SEO plugin v27.5 - https:\/\/yoast.com\/product\/yoast-seo-wordpress\/ -->\n<title>After Work Yoga-Kurs mit Lena - neu ab 24.4. - Yoga im Hof - seit 2005 in Augsburg<\/title>\n<meta name=\"description\" content=\"Ab April gibt es wieder Lenas sehr beliebten After Work Yoga Kurs. Bewegung und Entspannung zum Feierabend.\" \/>\n<meta name=\"robots\" content=\"index, follow, max-snippet:-1, max-image-preview:large, max-video-preview:-1\" \/>\n<link rel=\"canonical\" href=\"https:\/\/www.yogaimhof.de\/?p=4899\" \/>\n<meta property=\"og:locale\" content=\"de_DE\" \/>\n<meta property=\"og:type\" content=\"article\" \/>\n<meta property=\"og:title\" content=\"After Work Yoga-Kurs mit Lena - neu ab 24.4. - Yoga im Hof - seit 2005 in Augsburg\" \/>\n<meta property=\"og:description\" content=\"Ab April gibt es wieder Lenas sehr beliebten After Work Yoga Kurs. Bewegung und Entspannung zum Feierabend.\" \/>\n<meta property=\"og:url\" content=\"https:\/\/www.yogaimhof.de\/?p=4899\" \/>\n<meta property=\"og:site_name\" content=\"Yoga im Hof - seit 2005 in Augsburg\" \/>\n<meta property=\"article:publisher\" content=\"https:\/\/www.facebook.com\/profile.php?id=100063689761446\" \/>\n<meta property=\"article:published_time\" content=\"2023-03-14T13:41:42+00:00\" \/>\n<meta property=\"article:modified_time\" content=\"2023-03-14T13:41:44+00:00\" \/>\n<meta property=\"og:image\" content=\"https:\/\/www.yogaimhof.de\/wp-content\/uploads\/2021\/12\/Lena-als-Kind-2-1024x760.jpg\" \/>\n<meta name=\"author\" content=\"admin\" \/>\n<meta name=\"twitter:card\" content=\"summary_large_image\" \/>\n<meta name=\"twitter:label1\" content=\"Verfasst von\" \/>\n\t<meta name=\"twitter:data1\" content=\"admin\" \/>\n\t<meta name=\"twitter:label2\" content=\"Gesch\u00e4tzte Lesezeit\" \/>\n\t<meta name=\"twitter:data2\" content=\"2\u00a0Minuten\" \/>\n<script type=\"application\/ld+json\" class=\"yoast-schema-graph\">{\"@context\":\"https:\\\/\\\/schema.org\",\"@graph\":[{\"@type\":\"Article\",\"@id\":\"https:\\\/\\\/www.yogaimhof.de\\\/?p=4899#article\",\"isPartOf\":{\"@id\":\"https:\\\/\\\/www.yogaimhof.de\\\/?p=4899\"},\"author\":{\"name\":\"admin\",\"@id\":\"https:\\\/\\\/www.yogaimhof.de\\\/#\\\/schema\\\/person\\\/40639ab66b02febb41066df02d5e90ce\"},\"headline\":\"After Work Yoga-Kurs mit Lena &#8211; neu ab 24.4.\",\"datePublished\":\"2023-03-14T13:41:42+00:00\",\"dateModified\":\"2023-03-14T13:41:44+00:00\",\"mainEntityOfPage\":{\"@id\":\"https:\\\/\\\/www.yogaimhof.de\\\/?p=4899\"},\"wordCount\":285,\"publisher\":{\"@id\":\"https:\\\/\\\/www.yogaimhof.de\\\/#organization\"},\"image\":{\"@id\":\"https:\\\/\\\/www.yogaimhof.de\\\/?p=4899#primaryimage\"},\"thumbnailUrl\":\"https:\\\/\\\/www.yogaimhof.de\\\/wp-content\\\/uploads\\\/2021\\\/12\\\/Lena-als-Kind-2-1024x760.jpg\",\"keywords\":[\"Yoga f\u00fcr den R\u00fccken\",\"Yoga im Bismarckviertel\",\"Yoga in Augsburg\",\"Yogakurse in Augsburg\"],\"articleSection\":[\"Pr\u00e4ventionskurse\"],\"inLanguage\":\"de\"},{\"@type\":\"WebPage\",\"@id\":\"https:\\\/\\\/www.yogaimhof.de\\\/?p=4899\",\"url\":\"https:\\\/\\\/www.yogaimhof.de\\\/?p=4899\",\"name\":\"After Work Yoga-Kurs mit Lena - neu ab 24.4. - Yoga im Hof - seit 2005 in Augsburg\",\"isPartOf\":{\"@id\":\"https:\\\/\\\/www.yogaimhof.de\\\/#website\"},\"primaryImageOfPage\":{\"@id\":\"https:\\\/\\\/www.yogaimhof.de\\\/?p=4899#primaryimage\"},\"image\":{\"@id\":\"https:\\\/\\\/www.yogaimhof.de\\\/?p=4899#primaryimage\"},\"thumbnailUrl\":\"https:\\\/\\\/www.yogaimhof.de\\\/wp-content\\\/uploads\\\/2021\\\/12\\\/Lena-als-Kind-2-1024x760.jpg\",\"datePublished\":\"2023-03-14T13:41:42+00:00\",\"dateModified\":\"2023-03-14T13:41:44+00:00\",\"description\":\"Ab April gibt es wieder Lenas sehr beliebten After Work Yoga Kurs. Bewegung und Entspannung zum Feierabend.\",\"breadcrumb\":{\"@id\":\"https:\\\/\\\/www.yogaimhof.de\\\/?p=4899#breadcrumb\"},\"inLanguage\":\"de\",\"potentialAction\":[{\"@type\":\"ReadAction\",\"target\":[\"https:\\\/\\\/www.yogaimhof.de\\\/?p=4899\"]}]},{\"@type\":\"ImageObject\",\"inLanguage\":\"de\",\"@id\":\"https:\\\/\\\/www.yogaimhof.de\\\/?p=4899#primaryimage\",\"url\":\"https:\\\/\\\/www.yogaimhof.de\\\/wp-content\\\/uploads\\\/2021\\\/12\\\/Lena-als-Kind-2-scaled.jpg\",\"contentUrl\":\"https:\\\/\\\/www.yogaimhof.de\\\/wp-content\\\/uploads\\\/2021\\\/12\\\/Lena-als-Kind-2-scaled.jpg\",\"width\":2560,\"height\":1900},{\"@type\":\"BreadcrumbList\",\"@id\":\"https:\\\/\\\/www.yogaimhof.de\\\/?p=4899#breadcrumb\",\"itemListElement\":[{\"@type\":\"ListItem\",\"position\":1,\"name\":\"Startseite\",\"item\":\"https:\\\/\\\/www.yogaimhof.de\\\/\"},{\"@type\":\"ListItem\",\"position\":2,\"name\":\"After Work Yoga-Kurs mit Lena &#8211; neu ab 24.4.\"}]},{\"@type\":\"WebSite\",\"@id\":\"https:\\\/\\\/www.yogaimhof.de\\\/#website\",\"url\":\"https:\\\/\\\/www.yogaimhof.de\\\/\",\"name\":\"Yoga im Hof - seit 2005 in Augsburg\",\"description\":\"Zeit f\u00fcr Yoga... Zeit f\u00fcr Dich.\",\"publisher\":{\"@id\":\"https:\\\/\\\/www.yogaimhof.de\\\/#organization\"},\"potentialAction\":[{\"@type\":\"SearchAction\",\"target\":{\"@type\":\"EntryPoint\",\"urlTemplate\":\"https:\\\/\\\/www.yogaimhof.de\\\/?s={search_term_string}\"},\"query-input\":{\"@type\":\"PropertyValueSpecification\",\"valueRequired\":true,\"valueName\":\"search_term_string\"}}],\"inLanguage\":\"de\"},{\"@type\":\"Organization\",\"@id\":\"https:\\\/\\\/www.yogaimhof.de\\\/#organization\",\"name\":\"Yoga im Hof - seit 2005 in Augsburg\",\"url\":\"https:\\\/\\\/www.yogaimhof.de\\\/\",\"logo\":{\"@type\":\"ImageObject\",\"inLanguage\":\"de\",\"@id\":\"https:\\\/\\\/www.yogaimhof.de\\\/#\\\/schema\\\/logo\\\/image\\\/\",\"url\":\"https:\\\/\\\/www.yogaimhof.de\\\/wp-content\\\/uploads\\\/2018\\\/05\\\/Logo-YIH.png\",\"contentUrl\":\"https:\\\/\\\/www.yogaimhof.de\\\/wp-content\\\/uploads\\\/2018\\\/05\\\/Logo-YIH.png\",\"width\":200,\"height\":198,\"caption\":\"Yoga im Hof - seit 2005 in Augsburg\"},\"image\":{\"@id\":\"https:\\\/\\\/www.yogaimhof.de\\\/#\\\/schema\\\/logo\\\/image\\\/\"},\"sameAs\":[\"https:\\\/\\\/www.facebook.com\\\/profile.php?id=100063689761446\"]},{\"@type\":\"Person\",\"@id\":\"https:\\\/\\\/www.yogaimhof.de\\\/#\\\/schema\\\/person\\\/40639ab66b02febb41066df02d5e90ce\",\"name\":\"admin\",\"image\":{\"@type\":\"ImageObject\",\"inLanguage\":\"de\",\"@id\":\"https:\\\/\\\/secure.gravatar.com\\\/avatar\\\/7c94d33d7cae1142e0d8384ce86108dad6ea2c4a24c1c816625bcd8df15903cf?s=96&d=mm&r=g\",\"url\":\"https:\\\/\\\/secure.gravatar.com\\\/avatar\\\/7c94d33d7cae1142e0d8384ce86108dad6ea2c4a24c1c816625bcd8df15903cf?s=96&d=mm&r=g\",\"contentUrl\":\"https:\\\/\\\/secure.gravatar.com\\\/avatar\\\/7c94d33d7cae1142e0d8384ce86108dad6ea2c4a24c1c816625bcd8df15903cf?s=96&d=mm&r=g\",\"caption\":\"admin\"},\"sameAs\":[\"https:\\\/\\\/www.instagram.com\\\/yoga_im_hof_augsburg\\\/\"],\"url\":\"https:\\\/\\\/www.yogaimhof.de\\\/?author=1\"}]}<\/script>\n<!-- \/ Yoast SEO plugin. -->","yoast_head_json":{"title":"After Work Yoga-Kurs mit Lena - neu ab 24.4. - Yoga im Hof - seit 2005 in Augsburg","description":"Ab April gibt es wieder Lenas sehr beliebten After Work Yoga Kurs. Bewegung und Entspannung zum Feierabend.","robots":{"index":"index","follow":"follow","max-snippet":"max-snippet:-1","max-image-preview":"max-image-preview:large","max-video-preview":"max-video-preview:-1"},"canonical":"https:\/\/www.yogaimhof.de\/?p=4899","og_locale":"de_DE","og_type":"article","og_title":"After Work Yoga-Kurs mit Lena - neu ab 24.4. - Yoga im Hof - seit 2005 in Augsburg","og_description":"Ab April gibt es wieder Lenas sehr beliebten After Work Yoga Kurs. Bewegung und Entspannung zum Feierabend.","og_url":"https:\/\/www.yogaimhof.de\/?p=4899","og_site_name":"Yoga im Hof - seit 2005 in Augsburg","article_publisher":"https:\/\/www.facebook.com\/profile.php?id=100063689761446","article_published_time":"2023-03-14T13:41:42+00:00","article_modified_time":"2023-03-14T13:41:44+00:00","og_image":[{"url":"https:\/\/www.yogaimhof.de\/wp-content\/uploads\/2021\/12\/Lena-als-Kind-2-1024x760.jpg","type":"","width":"","height":""}],"author":"admin","twitter_card":"summary_large_image","twitter_misc":{"Verfasst von":"admin","Gesch\u00e4tzte Lesezeit":"2\u00a0Minuten"},"schema":{"@context":"https:\/\/schema.org","@graph":[{"@type":"Article","@id":"https:\/\/www.yogaimhof.de\/?p=4899#article","isPartOf":{"@id":"https:\/\/www.yogaimhof.de\/?p=4899"},"author":{"name":"admin","@id":"https:\/\/www.yogaimhof.de\/#\/schema\/person\/40639ab66b02febb41066df02d5e90ce"},"headline":"After Work Yoga-Kurs mit Lena &#8211; neu ab 24.4.","datePublished":"2023-03-14T13:41:42+00:00","dateModified":"2023-03-14T13:41:44+00:00","mainEntityOfPage":{"@id":"https:\/\/www.yogaimhof.de\/?p=4899"},"wordCount":285,"publisher":{"@id":"https:\/\/www.yogaimhof.de\/#organization"},"image":{"@id":"https:\/\/www.yogaimhof.de\/?p=4899#primaryimage"},"thumbnailUrl":"https:\/\/www.yogaimhof.de\/wp-content\/uploads\/2021\/12\/Lena-als-Kind-2-1024x760.jpg","keywords":["Yoga f\u00fcr den R\u00fccken","Yoga im Bismarckviertel","Yoga in Augsburg","Yogakurse in Augsburg"],"articleSection":["Pr\u00e4ventionskurse"],"inLanguage":"de"},{"@type":"WebPage","@id":"https:\/\/www.yogaimhof.de\/?p=4899","url":"https:\/\/www.yogaimhof.de\/?p=4899","name":"After Work Yoga-Kurs mit Lena - neu ab 24.4. - Yoga im Hof - seit 2005 in Augsburg","isPartOf":{"@id":"https:\/\/www.yogaimhof.de\/#website"},"primaryImageOfPage":{"@id":"https:\/\/www.yogaimhof.de\/?p=4899#primaryimage"},"image":{"@id":"https:\/\/www.yogaimhof.de\/?p=4899#primaryimage"},"thumbnailUrl":"https:\/\/www.yogaimhof.de\/wp-content\/uploads\/2021\/12\/Lena-als-Kind-2-1024x760.jpg","datePublished":"2023-03-14T13:41:42+00:00","dateModified":"2023-03-14T13:41:44+00:00","description":"Ab April gibt es wieder Lenas sehr beliebten After Work Yoga Kurs. Bewegung und Entspannung zum Feierabend.","breadcrumb":{"@id":"https:\/\/www.yogaimhof.de\/?p=4899#breadcrumb"},"inLanguage":"de","potentialAction":[{"@type":"ReadAction","target":["https:\/\/www.yogaimhof.de\/?p=4899"]}]},{"@type":"ImageObject","inLanguage":"de","@id":"https:\/\/www.yogaimhof.de\/?p=4899#primaryimage","url":"https:\/\/www.yogaimhof.de\/wp-content\/uploads\/2021\/12\/Lena-als-Kind-2-scaled.jpg","contentUrl":"https:\/\/www.yogaimhof.de\/wp-content\/uploads\/2021\/12\/Lena-als-Kind-2-scaled.jpg","width":2560,"height":1900},{"@type":"BreadcrumbList","@id":"https:\/\/www.yogaimhof.de\/?p=4899#breadcrumb","itemListElement":[{"@type":"ListItem","position":1,"name":"Startseite","item":"https:\/\/www.yogaimhof.de\/"},{"@type":"ListItem","position":2,"name":"After Work Yoga-Kurs mit Lena &#8211; neu ab 24.4."}]},{"@type":"WebSite","@id":"https:\/\/www.yogaimhof.de\/#website","url":"https:\/\/www.yogaimhof.de\/","name":"Yoga im Hof - seit 2005 in Augsburg","description":"Zeit f\u00fcr Yoga... Zeit f\u00fcr Dich.","publisher":{"@id":"https:\/\/www.yogaimhof.de\/#organization"},"potentialAction":[{"@type":"SearchAction","target":{"@type":"EntryPoint","urlTemplate":"https:\/\/www.yogaimhof.de\/?s={search_term_string}"},"query-input":{"@type":"PropertyValueSpecification","valueRequired":true,"valueName":"search_term_string"}}],"inLanguage":"de"},{"@type":"Organization","@id":"https:\/\/www.yogaimhof.de\/#organization","name":"Yoga im Hof - seit 2005 in Augsburg","url":"https:\/\/www.yogaimhof.de\/","logo":{"@type":"ImageObject","inLanguage":"de","@id":"https:\/\/www.yogaimhof.de\/#\/schema\/logo\/image\/","url":"https:\/\/www.yogaimhof.de\/wp-content\/uploads\/2018\/05\/Logo-YIH.png","contentUrl":"https:\/\/www.yogaimhof.de\/wp-content\/uploads\/2018\/05\/Logo-YIH.png","width":200,"height":198,"caption":"Yoga im Hof - seit 2005 in Augsburg"},"image":{"@id":"https:\/\/www.yogaimhof.de\/#\/schema\/logo\/image\/"},"sameAs":["https:\/\/www.facebook.com\/profile.php?id=100063689761446"]},{"@type":"Person","@id":"https:\/\/www.yogaimhof.de\/#\/schema\/person\/40639ab66b02febb41066df02d5e90ce","name":"admin","image":{"@type":"ImageObject","inLanguage":"de","@id":"https:\/\/secure.gravatar.com\/avatar\/7c94d33d7cae1142e0d8384ce86108dad6ea2c4a24c1c816625bcd8df15903cf?s=96&d=mm&r=g","url":"https:\/\/secure.gravatar.com\/avatar\/7c94d33d7cae1142e0d8384ce86108dad6ea2c4a24c1c816625bcd8df15903cf?s=96&d=mm&r=g","contentUrl":"https:\/\/secure.gravatar.com\/avatar\/7c94d33d7cae1142e0d8384ce86108dad6ea2c4a24c1c816625bcd8df15903cf?s=96&d=mm&r=g","caption":"admin"},"sameAs":["https:\/\/www.instagram.com\/yoga_im_hof_augsburg\/"],"url":"https:\/\/www.yogaimhof.de\/?author=1"}]}},"_links":{"self":[{"href":"https:\/\/www.yogaimhof.de\/index.php?rest_route=\/wp\/v2\/posts\/4899","targetHints":{"allow":["GET"]}}],"collection":[{"href":"https:\/\/www.yogaimhof.de\/index.php?rest_route=\/wp\/v2\/posts"}],"about":[{"href":"https:\/\/www.yogaimhof.de\/index.php?rest_route=\/wp\/v2\/types\/post"}],"author":[{"embeddable":true,"href":"https:\/\/www.yogaimhof.de\/index.php?rest_route=\/wp\/v2\/users\/1"}],"replies":[{"embeddable":true,"href":"https:\/\/www.yogaimhof.de\/index.php?rest_route=%2Fwp%2Fv2%2Fcomments&post=4899"}],"version-history":[{"count":6,"href":"https:\/\/www.yogaimhof.de\/index.php?rest_route=\/wp\/v2\/posts\/4899\/revisions"}],"predecessor-version":[{"id":4955,"href":"https:\/\/www.yogaimhof.de\/index.php?rest_route=\/wp\/v2\/posts\/4899\/revisions\/4955"}],"wp:attachment":[{"href":"https:\/\/www.yogaimhof.de\/index.php?rest_route=%2Fwp%2Fv2%2Fmedia&parent=4899"}],"wp:term":[{"taxonomy":"category","embeddable":true,"href":"https:\/\/www.yogaimhof.de\/index.php?rest_route=%2Fwp%2Fv2%2Fcategories&post=4899"},{"taxonomy":"post_tag","embeddable":true,"href":"https:\/\/www.yogaimhof.de\/index.php?rest_route=%2Fwp%2Fv2%2Ftags&post=4899"}],"curies":[{"name":"wp","href":"https:\/\/api.w.org\/{rel}","templated":true}]}}