{"id":4441,"date":"2023-01-03T10:47:55","date_gmt":"2023-01-03T09:47:55","guid":{"rendered":"https:\/\/www.yogaimhof.de\/?p=4441"},"modified":"2023-02-23T18:33:47","modified_gmt":"2023-02-23T17:33:47","slug":"aller-anfang-ist-leicht","status":"publish","type":"post","link":"https:\/\/www.yogaimhof.de\/?p=4441","title":{"rendered":"Aller Anfang ist leicht &#8230;"},"content":{"rendered":"\n<h6 class=\"wp-block-heading\">&#8230; wenn Du bei Yoga im Hof mit Yoga <strong>beginnen oder wiedereinsteigen<\/strong> willst.<\/h6>\n\n\n\n<p>W\u00e4hle aus folgenden M\u00f6glichkeiten die passende f\u00fcr Dich aus: <\/p>\n\n\n\n<p><strong>Offene Stunden (einfach unangemeldet vorbeikommen) :<\/strong><\/p>\n\n\n\n<ul class=\"wp-block-list\">\n<li>Yoga Basic mit Christopher, donnerstags 18-19.30 Uhr <\/li>\n\n\n\n<li>Yoga Basic\/I mit Katrin, dienstags  20-21.30 Uhr<\/li>\n\n\n\n<li>Yoga Basic\/I mit Gabi , mittwochs 18-19.30 Uhr<\/li>\n\n\n\n<li>Yoga Sanft mit Gabi, mittwochs 10.15-11.45 Uhr  <\/li>\n<\/ul>\n\n\n\n<p><strong>Kurse und Workshops (bitte anmelden):<\/strong><\/p>\n\n\n\n<ul class=\"wp-block-list\">\n<li>Einsteigerworkshop mit Katrin, Samstag 11.2 10-11.30 Uhr <\/li>\n\n\n\n<li>Pr\u00e4ventionskurs f\u00fcr Anf\u00e4nger und Wiedereinsteiger mit Gabi, mittwochs ab 25.1. , 19.45-21 Uhr <\/li>\n\n\n\n<li>After Work Yoga mit Lena, montags ab 9.1., 20-21 Uhr <\/li>\n\n\n\n<li>Pr\u00e4ventionskurs f\u00fcr Anf\u00e4nger und Wiedereinsteiger mit Franziska, montags ab 30.1., 9-10.15 Uhr <\/li>\n<\/ul>\n\n\n\n<p><\/p>\n","protected":false},"excerpt":{"rendered":"<p>&#8230; wenn Du bei Yoga im Hof mit Yoga beginnen oder wiedereinsteigen willst. W\u00e4hle aus folgenden M\u00f6glichkeiten die passende f\u00fcr Dich aus: Offene Stunden (einfach unangemeldet vorbeikommen) : Kurse und Workshops (bitte anmelden):<\/p>\n","protected":false},"author":1,"featured_media":0,"comment_status":"closed","ping_status":"closed","sticky":false,"template":"","format":"standard","meta":{"footnotes":""},"categories":[1],"tags":[28,54,24,45,173,171,169],"class_list":["post-4441","post","type-post","status-publish","format-standard","hentry","category-uncategorized","tag-meditation","tag-ruckenyoga","tag-yoga","tag-yoga-fur-den-rucken","tag-yogakurse","tag-yogakurse-in-augsburg","tag-yogaschule-in-augsburg"],"yoast_head":"<!-- This site is optimized with the Yoast SEO plugin v27.5 - https:\/\/yoast.com\/product\/yoast-seo-wordpress\/ -->\n<title>Aller Anfang ist leicht ... - Yoga im Hof - seit 2005 in Augsburg<\/title>\n<meta name=\"description\" content=\"Starte mit Yoga bei YogaimHof. Es gibt einige M\u00f6glichkeiten zu beginnen. In offenen Stunden, Workshops oder geschlossenen Kursen.\" \/>\n<meta name=\"robots\" content=\"index, follow, max-snippet:-1, max-image-preview:large, max-video-preview:-1\" \/>\n<link rel=\"canonical\" href=\"https:\/\/www.yogaimhof.de\/?p=4441\" \/>\n<meta property=\"og:locale\" content=\"de_DE\" \/>\n<meta property=\"og:type\" content=\"article\" \/>\n<meta property=\"og:title\" content=\"Aller Anfang ist leicht ... - Yoga im Hof - seit 2005 in Augsburg\" \/>\n<meta property=\"og:description\" content=\"Starte mit Yoga bei YogaimHof. Es gibt einige M\u00f6glichkeiten zu beginnen. In offenen Stunden, Workshops oder geschlossenen Kursen.\" \/>\n<meta property=\"og:url\" content=\"https:\/\/www.yogaimhof.de\/?p=4441\" \/>\n<meta property=\"og:site_name\" content=\"Yoga im Hof - seit 2005 in Augsburg\" \/>\n<meta property=\"article:publisher\" content=\"https:\/\/www.facebook.com\/profile.php?id=100063689761446\" \/>\n<meta property=\"article:published_time\" content=\"2023-01-03T09:47:55+00:00\" \/>\n<meta property=\"article:modified_time\" content=\"2023-02-23T17:33:47+00:00\" \/>\n<meta name=\"author\" content=\"admin\" \/>\n<meta name=\"twitter:card\" content=\"summary_large_image\" \/>\n<meta name=\"twitter:label1\" content=\"Verfasst von\" \/>\n\t<meta name=\"twitter:data1\" content=\"admin\" \/>\n\t<meta name=\"twitter:label2\" content=\"Gesch\u00e4tzte Lesezeit\" \/>\n\t<meta name=\"twitter:data2\" content=\"1\u00a0Minute\" \/>\n<script type=\"application\/ld+json\" class=\"yoast-schema-graph\">{\"@context\":\"https:\\\/\\\/schema.org\",\"@graph\":[{\"@type\":\"Article\",\"@id\":\"https:\\\/\\\/www.yogaimhof.de\\\/?p=4441#article\",\"isPartOf\":{\"@id\":\"https:\\\/\\\/www.yogaimhof.de\\\/?p=4441\"},\"author\":{\"name\":\"admin\",\"@id\":\"https:\\\/\\\/www.yogaimhof.de\\\/#\\\/schema\\\/person\\\/40639ab66b02febb41066df02d5e90ce\"},\"headline\":\"Aller Anfang ist leicht &#8230;\",\"datePublished\":\"2023-01-03T09:47:55+00:00\",\"dateModified\":\"2023-02-23T17:33:47+00:00\",\"mainEntityOfPage\":{\"@id\":\"https:\\\/\\\/www.yogaimhof.de\\\/?p=4441\"},\"wordCount\":111,\"publisher\":{\"@id\":\"https:\\\/\\\/www.yogaimhof.de\\\/#organization\"},\"keywords\":[\"Meditation\",\"R\u00fcckenyoga\",\"Yoga\",\"Yoga f\u00fcr den R\u00fccken\",\"Yogakurse\",\"Yogakurse in Augsburg\",\"Yogaschule in Augsburg\"],\"articleSection\":[\"Uncategorized\"],\"inLanguage\":\"de\"},{\"@type\":\"WebPage\",\"@id\":\"https:\\\/\\\/www.yogaimhof.de\\\/?p=4441\",\"url\":\"https:\\\/\\\/www.yogaimhof.de\\\/?p=4441\",\"name\":\"Aller Anfang ist leicht ... - Yoga im Hof - seit 2005 in Augsburg\",\"isPartOf\":{\"@id\":\"https:\\\/\\\/www.yogaimhof.de\\\/#website\"},\"datePublished\":\"2023-01-03T09:47:55+00:00\",\"dateModified\":\"2023-02-23T17:33:47+00:00\",\"description\":\"Starte mit Yoga bei YogaimHof. Es gibt einige M\u00f6glichkeiten zu beginnen. In offenen Stunden, Workshops oder geschlossenen Kursen.\",\"breadcrumb\":{\"@id\":\"https:\\\/\\\/www.yogaimhof.de\\\/?p=4441#breadcrumb\"},\"inLanguage\":\"de\",\"potentialAction\":[{\"@type\":\"ReadAction\",\"target\":[\"https:\\\/\\\/www.yogaimhof.de\\\/?p=4441\"]}]},{\"@type\":\"BreadcrumbList\",\"@id\":\"https:\\\/\\\/www.yogaimhof.de\\\/?p=4441#breadcrumb\",\"itemListElement\":[{\"@type\":\"ListItem\",\"position\":1,\"name\":\"Startseite\",\"item\":\"https:\\\/\\\/www.yogaimhof.de\\\/\"},{\"@type\":\"ListItem\",\"position\":2,\"name\":\"Aller Anfang ist leicht &#8230;\"}]},{\"@type\":\"WebSite\",\"@id\":\"https:\\\/\\\/www.yogaimhof.de\\\/#website\",\"url\":\"https:\\\/\\\/www.yogaimhof.de\\\/\",\"name\":\"Yoga im Hof - seit 2005 in Augsburg\",\"description\":\"Zeit f\u00fcr Yoga... Zeit f\u00fcr Dich.\",\"publisher\":{\"@id\":\"https:\\\/\\\/www.yogaimhof.de\\\/#organization\"},\"potentialAction\":[{\"@type\":\"SearchAction\",\"target\":{\"@type\":\"EntryPoint\",\"urlTemplate\":\"https:\\\/\\\/www.yogaimhof.de\\\/?s={search_term_string}\"},\"query-input\":{\"@type\":\"PropertyValueSpecification\",\"valueRequired\":true,\"valueName\":\"search_term_string\"}}],\"inLanguage\":\"de\"},{\"@type\":\"Organization\",\"@id\":\"https:\\\/\\\/www.yogaimhof.de\\\/#organization\",\"name\":\"Yoga im Hof - seit 2005 in Augsburg\",\"url\":\"https:\\\/\\\/www.yogaimhof.de\\\/\",\"logo\":{\"@type\":\"ImageObject\",\"inLanguage\":\"de\",\"@id\":\"https:\\\/\\\/www.yogaimhof.de\\\/#\\\/schema\\\/logo\\\/image\\\/\",\"url\":\"https:\\\/\\\/www.yogaimhof.de\\\/wp-content\\\/uploads\\\/2018\\\/05\\\/Logo-YIH.png\",\"contentUrl\":\"https:\\\/\\\/www.yogaimhof.de\\\/wp-content\\\/uploads\\\/2018\\\/05\\\/Logo-YIH.png\",\"width\":200,\"height\":198,\"caption\":\"Yoga im Hof - seit 2005 in Augsburg\"},\"image\":{\"@id\":\"https:\\\/\\\/www.yogaimhof.de\\\/#\\\/schema\\\/logo\\\/image\\\/\"},\"sameAs\":[\"https:\\\/\\\/www.facebook.com\\\/profile.php?id=100063689761446\"]},{\"@type\":\"Person\",\"@id\":\"https:\\\/\\\/www.yogaimhof.de\\\/#\\\/schema\\\/person\\\/40639ab66b02febb41066df02d5e90ce\",\"name\":\"admin\",\"image\":{\"@type\":\"ImageObject\",\"inLanguage\":\"de\",\"@id\":\"https:\\\/\\\/secure.gravatar.com\\\/avatar\\\/7c94d33d7cae1142e0d8384ce86108dad6ea2c4a24c1c816625bcd8df15903cf?s=96&d=mm&r=g\",\"url\":\"https:\\\/\\\/secure.gravatar.com\\\/avatar\\\/7c94d33d7cae1142e0d8384ce86108dad6ea2c4a24c1c816625bcd8df15903cf?s=96&d=mm&r=g\",\"contentUrl\":\"https:\\\/\\\/secure.gravatar.com\\\/avatar\\\/7c94d33d7cae1142e0d8384ce86108dad6ea2c4a24c1c816625bcd8df15903cf?s=96&d=mm&r=g\",\"caption\":\"admin\"},\"sameAs\":[\"https:\\\/\\\/www.instagram.com\\\/yoga_im_hof_augsburg\\\/\"],\"url\":\"https:\\\/\\\/www.yogaimhof.de\\\/?author=1\"}]}<\/script>\n<!-- \/ Yoast SEO plugin. -->","yoast_head_json":{"title":"Aller Anfang ist leicht ... - Yoga im Hof - seit 2005 in Augsburg","description":"Starte mit Yoga bei YogaimHof. Es gibt einige M\u00f6glichkeiten zu beginnen. In offenen Stunden, Workshops oder geschlossenen Kursen.","robots":{"index":"index","follow":"follow","max-snippet":"max-snippet:-1","max-image-preview":"max-image-preview:large","max-video-preview":"max-video-preview:-1"},"canonical":"https:\/\/www.yogaimhof.de\/?p=4441","og_locale":"de_DE","og_type":"article","og_title":"Aller Anfang ist leicht ... - Yoga im Hof - seit 2005 in Augsburg","og_description":"Starte mit Yoga bei YogaimHof. Es gibt einige M\u00f6glichkeiten zu beginnen. In offenen Stunden, Workshops oder geschlossenen Kursen.","og_url":"https:\/\/www.yogaimhof.de\/?p=4441","og_site_name":"Yoga im Hof - seit 2005 in Augsburg","article_publisher":"https:\/\/www.facebook.com\/profile.php?id=100063689761446","article_published_time":"2023-01-03T09:47:55+00:00","article_modified_time":"2023-02-23T17:33:47+00:00","author":"admin","twitter_card":"summary_large_image","twitter_misc":{"Verfasst von":"admin","Gesch\u00e4tzte Lesezeit":"1\u00a0Minute"},"schema":{"@context":"https:\/\/schema.org","@graph":[{"@type":"Article","@id":"https:\/\/www.yogaimhof.de\/?p=4441#article","isPartOf":{"@id":"https:\/\/www.yogaimhof.de\/?p=4441"},"author":{"name":"admin","@id":"https:\/\/www.yogaimhof.de\/#\/schema\/person\/40639ab66b02febb41066df02d5e90ce"},"headline":"Aller Anfang ist leicht &#8230;","datePublished":"2023-01-03T09:47:55+00:00","dateModified":"2023-02-23T17:33:47+00:00","mainEntityOfPage":{"@id":"https:\/\/www.yogaimhof.de\/?p=4441"},"wordCount":111,"publisher":{"@id":"https:\/\/www.yogaimhof.de\/#organization"},"keywords":["Meditation","R\u00fcckenyoga","Yoga","Yoga f\u00fcr den R\u00fccken","Yogakurse","Yogakurse in Augsburg","Yogaschule in Augsburg"],"articleSection":["Uncategorized"],"inLanguage":"de"},{"@type":"WebPage","@id":"https:\/\/www.yogaimhof.de\/?p=4441","url":"https:\/\/www.yogaimhof.de\/?p=4441","name":"Aller Anfang ist leicht ... - Yoga im Hof - seit 2005 in Augsburg","isPartOf":{"@id":"https:\/\/www.yogaimhof.de\/#website"},"datePublished":"2023-01-03T09:47:55+00:00","dateModified":"2023-02-23T17:33:47+00:00","description":"Starte mit Yoga bei YogaimHof. Es gibt einige M\u00f6glichkeiten zu beginnen. In offenen Stunden, Workshops oder geschlossenen Kursen.","breadcrumb":{"@id":"https:\/\/www.yogaimhof.de\/?p=4441#breadcrumb"},"inLanguage":"de","potentialAction":[{"@type":"ReadAction","target":["https:\/\/www.yogaimhof.de\/?p=4441"]}]},{"@type":"BreadcrumbList","@id":"https:\/\/www.yogaimhof.de\/?p=4441#breadcrumb","itemListElement":[{"@type":"ListItem","position":1,"name":"Startseite","item":"https:\/\/www.yogaimhof.de\/"},{"@type":"ListItem","position":2,"name":"Aller Anfang ist leicht &#8230;"}]},{"@type":"WebSite","@id":"https:\/\/www.yogaimhof.de\/#website","url":"https:\/\/www.yogaimhof.de\/","name":"Yoga im Hof - seit 2005 in Augsburg","description":"Zeit f\u00fcr Yoga... Zeit f\u00fcr Dich.","publisher":{"@id":"https:\/\/www.yogaimhof.de\/#organization"},"potentialAction":[{"@type":"SearchAction","target":{"@type":"EntryPoint","urlTemplate":"https:\/\/www.yogaimhof.de\/?s={search_term_string}"},"query-input":{"@type":"PropertyValueSpecification","valueRequired":true,"valueName":"search_term_string"}}],"inLanguage":"de"},{"@type":"Organization","@id":"https:\/\/www.yogaimhof.de\/#organization","name":"Yoga im Hof - seit 2005 in Augsburg","url":"https:\/\/www.yogaimhof.de\/","logo":{"@type":"ImageObject","inLanguage":"de","@id":"https:\/\/www.yogaimhof.de\/#\/schema\/logo\/image\/","url":"https:\/\/www.yogaimhof.de\/wp-content\/uploads\/2018\/05\/Logo-YIH.png","contentUrl":"https:\/\/www.yogaimhof.de\/wp-content\/uploads\/2018\/05\/Logo-YIH.png","width":200,"height":198,"caption":"Yoga im Hof - seit 2005 in Augsburg"},"image":{"@id":"https:\/\/www.yogaimhof.de\/#\/schema\/logo\/image\/"},"sameAs":["https:\/\/www.facebook.com\/profile.php?id=100063689761446"]},{"@type":"Person","@id":"https:\/\/www.yogaimhof.de\/#\/schema\/person\/40639ab66b02febb41066df02d5e90ce","name":"admin","image":{"@type":"ImageObject","inLanguage":"de","@id":"https:\/\/secure.gravatar.com\/avatar\/7c94d33d7cae1142e0d8384ce86108dad6ea2c4a24c1c816625bcd8df15903cf?s=96&d=mm&r=g","url":"https:\/\/secure.gravatar.com\/avatar\/7c94d33d7cae1142e0d8384ce86108dad6ea2c4a24c1c816625bcd8df15903cf?s=96&d=mm&r=g","contentUrl":"https:\/\/secure.gravatar.com\/avatar\/7c94d33d7cae1142e0d8384ce86108dad6ea2c4a24c1c816625bcd8df15903cf?s=96&d=mm&r=g","caption":"admin"},"sameAs":["https:\/\/www.instagram.com\/yoga_im_hof_augsburg\/"],"url":"https:\/\/www.yogaimhof.de\/?author=1"}]}},"_links":{"self":[{"href":"https:\/\/www.yogaimhof.de\/index.php?rest_route=\/wp\/v2\/posts\/4441","targetHints":{"allow":["GET"]}}],"collection":[{"href":"https:\/\/www.yogaimhof.de\/index.php?rest_route=\/wp\/v2\/posts"}],"about":[{"href":"https:\/\/www.yogaimhof.de\/index.php?rest_route=\/wp\/v2\/types\/post"}],"author":[{"embeddable":true,"href":"https:\/\/www.yogaimhof.de\/index.php?rest_route=\/wp\/v2\/users\/1"}],"replies":[{"embeddable":true,"href":"https:\/\/www.yogaimhof.de\/index.php?rest_route=%2Fwp%2Fv2%2Fcomments&post=4441"}],"version-history":[{"count":8,"href":"https:\/\/www.yogaimhof.de\/index.php?rest_route=\/wp\/v2\/posts\/4441\/revisions"}],"predecessor-version":[{"id":4819,"href":"https:\/\/www.yogaimhof.de\/index.php?rest_route=\/wp\/v2\/posts\/4441\/revisions\/4819"}],"wp:attachment":[{"href":"https:\/\/www.yogaimhof.de\/index.php?rest_route=%2Fwp%2Fv2%2Fmedia&parent=4441"}],"wp:term":[{"taxonomy":"category","embeddable":true,"href":"https:\/\/www.yogaimhof.de\/index.php?rest_route=%2Fwp%2Fv2%2Fcategories&post=4441"},{"taxonomy":"post_tag","embeddable":true,"href":"https:\/\/www.yogaimhof.de\/index.php?rest_route=%2Fwp%2Fv2%2Ftags&post=4441"}],"curies":[{"name":"wp","href":"https:\/\/api.w.org\/{rel}","templated":true}]}}