{"id":4263,"date":"2022-12-03T12:34:07","date_gmt":"2022-12-03T11:34:07","guid":{"rendered":"https:\/\/www.yogaimhof.de\/?p=4263"},"modified":"2023-01-20T11:25:53","modified_gmt":"2023-01-20T10:25:53","slug":"after-work-yoga-krankenkassenzertifiziert-gestaerkt-ins-neue-jahr","status":"publish","type":"post","link":"https:\/\/www.yogaimhof.de\/?p=4263","title":{"rendered":"After Work Yoga: gest\u00e4rkt und krankenkassenzertifiziert ins neue Jahr!"},"content":{"rendered":"\n<figure class=\"wp-block-image alignright size-large is-resized\"><img loading=\"lazy\" decoding=\"async\" src=\"https:\/\/www.yogaimhof.de\/wp-content\/uploads\/2021\/12\/Lena-als-Kind-2-1024x760.jpg\" alt=\"\" class=\"wp-image-3780\" width=\"500\" height=\"368\"\/><\/figure>\n\n\n\n<p>Auch Lenas After Work Yoga-Kurs geht in eine neue Runde und unterst\u00fctzt Dich dabei, Deine Neujahrsvors\u00e4tze im Bereich Gesundheit, Bewegung, Entspannung anzugehen. Probier\u00b4s aus! &nbsp;<\/p>\n\n\n\n<p><strong>Kursbeschreibung After Work Yoga:&nbsp;<\/strong><\/p>\n\n\n\n<p>Vieles Sitzen, einseitige Arbeits- \/ Alltagshaltungen, wenig Bewegung \u2013 fast jede:r kennt es, dass am Abend der Nacken oder R\u00fccken zwickt und wir uns irgendwie unwohl f\u00fchlen, da uns Ausgleich, Bewegung und Erholung fehlen.&nbsp;<\/p>\n\n\n\n<p>In einer regenerativen Yogastunde am Abend widmen wir uns diesem Ungleichgewicht. Tief durchatmen, den K\u00f6rper bewegen und entspannen tut einfach gut und hilft uns bei einem wohligen Tagesausklang.&nbsp;<\/p>\n\n\n\n<p>Wir bahnen k\u00f6rperliche Ver\u00e4nderungsprozesse sanft und teilweise auch fordernd an, sp\u00fcren Verspannungen auf und schulen die Entspannungsf\u00e4higkeit. Dabei stehen verbreitete k\u00f6rperliche \u201eProblembereiche\u201c im Fokus und der Kurs bietet optimale M\u00f6glichkeiten, ressourcenorientiert die eigene Gesundheit zu f\u00f6rdern und Techniken zu erlernen, um mit Stressoren des (Arbeits-)Alltags besser umzugehen.&nbsp;<\/p>\n\n\n\n<ul class=\"wp-block-list\">\n<li><strong>Termine<\/strong>: 8 x 60 Min., Montag, 09.01.-06.03.2023 (Rosenmontag, 20.02. entf\u00e4llt die Stunde)<\/li>\n\n\n\n<li><strong>Kurszeit<\/strong>: 20:00-21:00 Uhr&nbsp;<\/li>\n\n\n\n<li><strong>Ort:<\/strong>&nbsp;Online per Zoom oder vor Ort bei Yoga im Hof (Augsburg). Bitte gib bei Anmeldung an, ob Du vor Ort teilnehmen m\u00f6chtest, die Pl\u00e4tze sind begrenzt!<\/li>\n\n\n\n<li><strong>Kursleiterin:<\/strong>&nbsp;Lena Kroll&nbsp;<\/li>\n\n\n\n<li><strong>Kosten:<\/strong>&nbsp;115 Euro \/ 95 Euro (erm\u00e4\u00dfigt*); <strong>Bankverbindung Achtung NEU<\/strong>: Yoga im Hof | IBAN DE92720501010000439588, Kreissparkasse Augsburg<\/li>\n\n\n\n<li><strong>Anmeldung<\/strong>:&nbsp;<a href=\"mailto:info@yogaimhof.de\">info@yogaimhof.de<\/a><\/li>\n\n\n\n<li><strong>Krankenkassenerstattung:<\/strong> Der Kurs ist krankenkassenzertifiziert. Bei Teilnahme an mind. 7 von 8 Kursstunden \u00fcbernehmen viele Kassen (anteilig) die Kosten. Frag\u00b4 am besten bei Deiner Kasse nach.&nbsp;<\/li>\n<\/ul>\n\n\n\n<p>*erm\u00e4\u00dfigt: Der erm\u00e4\u00dfigte Beitrag gilt f\u00fcr alle, die finanziell nicht so gut dastehen. Du entscheidest selbst und musst keine Rechenschaft ablegen.&nbsp;<\/p>\n","protected":false},"excerpt":{"rendered":"<p>Auch Lenas After Work Yoga-Kurs geht in eine neue Runde und unterst\u00fctzt Dich dabei, Deine Neujahrsvors\u00e4tze im Bereich Gesundheit, Bewegung, Entspannung anzugehen. Probier\u00b4s aus! &nbsp; Kursbeschreibung After Work Yoga:&nbsp; Vieles Sitzen, einseitige Arbeits- \/ Alltagshaltungen, wenig Bewegung \u2013 fast jede:r kennt es, dass am Abend der Nacken oder R\u00fccken zwickt und wir uns irgendwie unwohl [&hellip;]<\/p>\n","protected":false},"author":1,"featured_media":0,"comment_status":"closed","ping_status":"closed","sticky":false,"template":"","format":"standard","meta":{"footnotes":""},"categories":[1],"tags":[45,44,98,75,173,169],"class_list":["post-4263","post","type-post","status-publish","format-standard","hentry","category-uncategorized","tag-yoga-fur-den-rucken","tag-yoga-im-bismarckviertel","tag-yoga-in-augsburg","tag-yoga-und-meditation","tag-yogakurse","tag-yogaschule-in-augsburg"],"yoast_head":"<!-- This site is optimized with the Yoast SEO plugin v27.5 - https:\/\/yoast.com\/product\/yoast-seo-wordpress\/ -->\n<title>After Work Yoga: gest\u00e4rkt und krankenkassenzertifiziert ins neue Jahr! - Yoga im Hof - seit 2005 in Augsburg<\/title>\n<meta name=\"description\" content=\"Auch im Januar gibt es wieder Lenas sehr beliebten After Work Yoga Kurs. Bewegung uns Entspannung ab Feierabend.\" \/>\n<meta name=\"robots\" content=\"index, follow, max-snippet:-1, max-image-preview:large, max-video-preview:-1\" \/>\n<link rel=\"canonical\" href=\"https:\/\/www.yogaimhof.de\/?p=4263\" \/>\n<meta property=\"og:locale\" content=\"de_DE\" \/>\n<meta property=\"og:type\" content=\"article\" \/>\n<meta property=\"og:title\" content=\"After Work Yoga: gest\u00e4rkt und krankenkassenzertifiziert ins neue Jahr! - Yoga im Hof - seit 2005 in Augsburg\" \/>\n<meta property=\"og:description\" content=\"Auch im Januar gibt es wieder Lenas sehr beliebten After Work Yoga Kurs. Bewegung uns Entspannung ab Feierabend.\" \/>\n<meta property=\"og:url\" content=\"https:\/\/www.yogaimhof.de\/?p=4263\" \/>\n<meta property=\"og:site_name\" content=\"Yoga im Hof - seit 2005 in Augsburg\" \/>\n<meta property=\"article:publisher\" content=\"https:\/\/www.facebook.com\/profile.php?id=100063689761446\" \/>\n<meta property=\"article:published_time\" content=\"2022-12-03T11:34:07+00:00\" \/>\n<meta property=\"article:modified_time\" content=\"2023-01-20T10:25:53+00:00\" \/>\n<meta property=\"og:image\" content=\"https:\/\/www.yogaimhof.de\/wp-content\/uploads\/2021\/12\/Lena-als-Kind-2-1024x760.jpg\" \/>\n<meta name=\"author\" content=\"admin\" \/>\n<meta name=\"twitter:card\" content=\"summary_large_image\" \/>\n<meta name=\"twitter:label1\" content=\"Verfasst von\" \/>\n\t<meta name=\"twitter:data1\" content=\"admin\" \/>\n\t<meta name=\"twitter:label2\" content=\"Gesch\u00e4tzte Lesezeit\" \/>\n\t<meta name=\"twitter:data2\" content=\"2\u00a0Minuten\" \/>\n<script type=\"application\/ld+json\" class=\"yoast-schema-graph\">{\"@context\":\"https:\\\/\\\/schema.org\",\"@graph\":[{\"@type\":\"Article\",\"@id\":\"https:\\\/\\\/www.yogaimhof.de\\\/?p=4263#article\",\"isPartOf\":{\"@id\":\"https:\\\/\\\/www.yogaimhof.de\\\/?p=4263\"},\"author\":{\"name\":\"admin\",\"@id\":\"https:\\\/\\\/www.yogaimhof.de\\\/#\\\/schema\\\/person\\\/40639ab66b02febb41066df02d5e90ce\"},\"headline\":\"After Work Yoga: gest\u00e4rkt und krankenkassenzertifiziert ins neue Jahr!\",\"datePublished\":\"2022-12-03T11:34:07+00:00\",\"dateModified\":\"2023-01-20T10:25:53+00:00\",\"mainEntityOfPage\":{\"@id\":\"https:\\\/\\\/www.yogaimhof.de\\\/?p=4263\"},\"wordCount\":285,\"publisher\":{\"@id\":\"https:\\\/\\\/www.yogaimhof.de\\\/#organization\"},\"image\":{\"@id\":\"https:\\\/\\\/www.yogaimhof.de\\\/?p=4263#primaryimage\"},\"thumbnailUrl\":\"https:\\\/\\\/www.yogaimhof.de\\\/wp-content\\\/uploads\\\/2021\\\/12\\\/Lena-als-Kind-2-1024x760.jpg\",\"keywords\":[\"Yoga f\u00fcr den R\u00fccken\",\"Yoga im Bismarckviertel\",\"Yoga in Augsburg\",\"Yoga und Meditation\",\"Yogakurse\",\"Yogaschule in Augsburg\"],\"articleSection\":[\"Uncategorized\"],\"inLanguage\":\"de\"},{\"@type\":\"WebPage\",\"@id\":\"https:\\\/\\\/www.yogaimhof.de\\\/?p=4263\",\"url\":\"https:\\\/\\\/www.yogaimhof.de\\\/?p=4263\",\"name\":\"After Work Yoga: gest\u00e4rkt und krankenkassenzertifiziert ins neue Jahr! - Yoga im Hof - seit 2005 in Augsburg\",\"isPartOf\":{\"@id\":\"https:\\\/\\\/www.yogaimhof.de\\\/#website\"},\"primaryImageOfPage\":{\"@id\":\"https:\\\/\\\/www.yogaimhof.de\\\/?p=4263#primaryimage\"},\"image\":{\"@id\":\"https:\\\/\\\/www.yogaimhof.de\\\/?p=4263#primaryimage\"},\"thumbnailUrl\":\"https:\\\/\\\/www.yogaimhof.de\\\/wp-content\\\/uploads\\\/2021\\\/12\\\/Lena-als-Kind-2-1024x760.jpg\",\"datePublished\":\"2022-12-03T11:34:07+00:00\",\"dateModified\":\"2023-01-20T10:25:53+00:00\",\"description\":\"Auch im Januar gibt es wieder Lenas sehr beliebten After Work Yoga Kurs. Bewegung uns Entspannung ab Feierabend.\",\"breadcrumb\":{\"@id\":\"https:\\\/\\\/www.yogaimhof.de\\\/?p=4263#breadcrumb\"},\"inLanguage\":\"de\",\"potentialAction\":[{\"@type\":\"ReadAction\",\"target\":[\"https:\\\/\\\/www.yogaimhof.de\\\/?p=4263\"]}]},{\"@type\":\"ImageObject\",\"inLanguage\":\"de\",\"@id\":\"https:\\\/\\\/www.yogaimhof.de\\\/?p=4263#primaryimage\",\"url\":\"https:\\\/\\\/www.yogaimhof.de\\\/wp-content\\\/uploads\\\/2021\\\/12\\\/Lena-als-Kind-2-scaled.jpg\",\"contentUrl\":\"https:\\\/\\\/www.yogaimhof.de\\\/wp-content\\\/uploads\\\/2021\\\/12\\\/Lena-als-Kind-2-scaled.jpg\",\"width\":2560,\"height\":1900},{\"@type\":\"BreadcrumbList\",\"@id\":\"https:\\\/\\\/www.yogaimhof.de\\\/?p=4263#breadcrumb\",\"itemListElement\":[{\"@type\":\"ListItem\",\"position\":1,\"name\":\"Startseite\",\"item\":\"https:\\\/\\\/www.yogaimhof.de\\\/\"},{\"@type\":\"ListItem\",\"position\":2,\"name\":\"After Work Yoga: gest\u00e4rkt und krankenkassenzertifiziert ins neue Jahr!\"}]},{\"@type\":\"WebSite\",\"@id\":\"https:\\\/\\\/www.yogaimhof.de\\\/#website\",\"url\":\"https:\\\/\\\/www.yogaimhof.de\\\/\",\"name\":\"Yoga im Hof - seit 2005 in Augsburg\",\"description\":\"Zeit f\u00fcr Yoga... Zeit f\u00fcr Dich.\",\"publisher\":{\"@id\":\"https:\\\/\\\/www.yogaimhof.de\\\/#organization\"},\"potentialAction\":[{\"@type\":\"SearchAction\",\"target\":{\"@type\":\"EntryPoint\",\"urlTemplate\":\"https:\\\/\\\/www.yogaimhof.de\\\/?s={search_term_string}\"},\"query-input\":{\"@type\":\"PropertyValueSpecification\",\"valueRequired\":true,\"valueName\":\"search_term_string\"}}],\"inLanguage\":\"de\"},{\"@type\":\"Organization\",\"@id\":\"https:\\\/\\\/www.yogaimhof.de\\\/#organization\",\"name\":\"Yoga im Hof - seit 2005 in Augsburg\",\"url\":\"https:\\\/\\\/www.yogaimhof.de\\\/\",\"logo\":{\"@type\":\"ImageObject\",\"inLanguage\":\"de\",\"@id\":\"https:\\\/\\\/www.yogaimhof.de\\\/#\\\/schema\\\/logo\\\/image\\\/\",\"url\":\"https:\\\/\\\/www.yogaimhof.de\\\/wp-content\\\/uploads\\\/2018\\\/05\\\/Logo-YIH.png\",\"contentUrl\":\"https:\\\/\\\/www.yogaimhof.de\\\/wp-content\\\/uploads\\\/2018\\\/05\\\/Logo-YIH.png\",\"width\":200,\"height\":198,\"caption\":\"Yoga im Hof - seit 2005 in Augsburg\"},\"image\":{\"@id\":\"https:\\\/\\\/www.yogaimhof.de\\\/#\\\/schema\\\/logo\\\/image\\\/\"},\"sameAs\":[\"https:\\\/\\\/www.facebook.com\\\/profile.php?id=100063689761446\"]},{\"@type\":\"Person\",\"@id\":\"https:\\\/\\\/www.yogaimhof.de\\\/#\\\/schema\\\/person\\\/40639ab66b02febb41066df02d5e90ce\",\"name\":\"admin\",\"image\":{\"@type\":\"ImageObject\",\"inLanguage\":\"de\",\"@id\":\"https:\\\/\\\/secure.gravatar.com\\\/avatar\\\/7c94d33d7cae1142e0d8384ce86108dad6ea2c4a24c1c816625bcd8df15903cf?s=96&d=mm&r=g\",\"url\":\"https:\\\/\\\/secure.gravatar.com\\\/avatar\\\/7c94d33d7cae1142e0d8384ce86108dad6ea2c4a24c1c816625bcd8df15903cf?s=96&d=mm&r=g\",\"contentUrl\":\"https:\\\/\\\/secure.gravatar.com\\\/avatar\\\/7c94d33d7cae1142e0d8384ce86108dad6ea2c4a24c1c816625bcd8df15903cf?s=96&d=mm&r=g\",\"caption\":\"admin\"},\"sameAs\":[\"https:\\\/\\\/www.instagram.com\\\/yoga_im_hof_augsburg\\\/\"],\"url\":\"https:\\\/\\\/www.yogaimhof.de\\\/?author=1\"}]}<\/script>\n<!-- \/ Yoast SEO plugin. -->","yoast_head_json":{"title":"After Work Yoga: gest\u00e4rkt und krankenkassenzertifiziert ins neue Jahr! - Yoga im Hof - seit 2005 in Augsburg","description":"Auch im Januar gibt es wieder Lenas sehr beliebten After Work Yoga Kurs. Bewegung uns Entspannung ab Feierabend.","robots":{"index":"index","follow":"follow","max-snippet":"max-snippet:-1","max-image-preview":"max-image-preview:large","max-video-preview":"max-video-preview:-1"},"canonical":"https:\/\/www.yogaimhof.de\/?p=4263","og_locale":"de_DE","og_type":"article","og_title":"After Work Yoga: gest\u00e4rkt und krankenkassenzertifiziert ins neue Jahr! - Yoga im Hof - seit 2005 in Augsburg","og_description":"Auch im Januar gibt es wieder Lenas sehr beliebten After Work Yoga Kurs. Bewegung uns Entspannung ab Feierabend.","og_url":"https:\/\/www.yogaimhof.de\/?p=4263","og_site_name":"Yoga im Hof - seit 2005 in Augsburg","article_publisher":"https:\/\/www.facebook.com\/profile.php?id=100063689761446","article_published_time":"2022-12-03T11:34:07+00:00","article_modified_time":"2023-01-20T10:25:53+00:00","og_image":[{"url":"https:\/\/www.yogaimhof.de\/wp-content\/uploads\/2021\/12\/Lena-als-Kind-2-1024x760.jpg","type":"","width":"","height":""}],"author":"admin","twitter_card":"summary_large_image","twitter_misc":{"Verfasst von":"admin","Gesch\u00e4tzte Lesezeit":"2\u00a0Minuten"},"schema":{"@context":"https:\/\/schema.org","@graph":[{"@type":"Article","@id":"https:\/\/www.yogaimhof.de\/?p=4263#article","isPartOf":{"@id":"https:\/\/www.yogaimhof.de\/?p=4263"},"author":{"name":"admin","@id":"https:\/\/www.yogaimhof.de\/#\/schema\/person\/40639ab66b02febb41066df02d5e90ce"},"headline":"After Work Yoga: gest\u00e4rkt und krankenkassenzertifiziert ins neue Jahr!","datePublished":"2022-12-03T11:34:07+00:00","dateModified":"2023-01-20T10:25:53+00:00","mainEntityOfPage":{"@id":"https:\/\/www.yogaimhof.de\/?p=4263"},"wordCount":285,"publisher":{"@id":"https:\/\/www.yogaimhof.de\/#organization"},"image":{"@id":"https:\/\/www.yogaimhof.de\/?p=4263#primaryimage"},"thumbnailUrl":"https:\/\/www.yogaimhof.de\/wp-content\/uploads\/2021\/12\/Lena-als-Kind-2-1024x760.jpg","keywords":["Yoga f\u00fcr den R\u00fccken","Yoga im Bismarckviertel","Yoga in Augsburg","Yoga und Meditation","Yogakurse","Yogaschule in Augsburg"],"articleSection":["Uncategorized"],"inLanguage":"de"},{"@type":"WebPage","@id":"https:\/\/www.yogaimhof.de\/?p=4263","url":"https:\/\/www.yogaimhof.de\/?p=4263","name":"After Work Yoga: gest\u00e4rkt und krankenkassenzertifiziert ins neue Jahr! - Yoga im Hof - seit 2005 in Augsburg","isPartOf":{"@id":"https:\/\/www.yogaimhof.de\/#website"},"primaryImageOfPage":{"@id":"https:\/\/www.yogaimhof.de\/?p=4263#primaryimage"},"image":{"@id":"https:\/\/www.yogaimhof.de\/?p=4263#primaryimage"},"thumbnailUrl":"https:\/\/www.yogaimhof.de\/wp-content\/uploads\/2021\/12\/Lena-als-Kind-2-1024x760.jpg","datePublished":"2022-12-03T11:34:07+00:00","dateModified":"2023-01-20T10:25:53+00:00","description":"Auch im Januar gibt es wieder Lenas sehr beliebten After Work Yoga Kurs. Bewegung uns Entspannung ab Feierabend.","breadcrumb":{"@id":"https:\/\/www.yogaimhof.de\/?p=4263#breadcrumb"},"inLanguage":"de","potentialAction":[{"@type":"ReadAction","target":["https:\/\/www.yogaimhof.de\/?p=4263"]}]},{"@type":"ImageObject","inLanguage":"de","@id":"https:\/\/www.yogaimhof.de\/?p=4263#primaryimage","url":"https:\/\/www.yogaimhof.de\/wp-content\/uploads\/2021\/12\/Lena-als-Kind-2-scaled.jpg","contentUrl":"https:\/\/www.yogaimhof.de\/wp-content\/uploads\/2021\/12\/Lena-als-Kind-2-scaled.jpg","width":2560,"height":1900},{"@type":"BreadcrumbList","@id":"https:\/\/www.yogaimhof.de\/?p=4263#breadcrumb","itemListElement":[{"@type":"ListItem","position":1,"name":"Startseite","item":"https:\/\/www.yogaimhof.de\/"},{"@type":"ListItem","position":2,"name":"After Work Yoga: gest\u00e4rkt und krankenkassenzertifiziert ins neue Jahr!"}]},{"@type":"WebSite","@id":"https:\/\/www.yogaimhof.de\/#website","url":"https:\/\/www.yogaimhof.de\/","name":"Yoga im Hof - seit 2005 in Augsburg","description":"Zeit f\u00fcr Yoga... Zeit f\u00fcr Dich.","publisher":{"@id":"https:\/\/www.yogaimhof.de\/#organization"},"potentialAction":[{"@type":"SearchAction","target":{"@type":"EntryPoint","urlTemplate":"https:\/\/www.yogaimhof.de\/?s={search_term_string}"},"query-input":{"@type":"PropertyValueSpecification","valueRequired":true,"valueName":"search_term_string"}}],"inLanguage":"de"},{"@type":"Organization","@id":"https:\/\/www.yogaimhof.de\/#organization","name":"Yoga im Hof - seit 2005 in Augsburg","url":"https:\/\/www.yogaimhof.de\/","logo":{"@type":"ImageObject","inLanguage":"de","@id":"https:\/\/www.yogaimhof.de\/#\/schema\/logo\/image\/","url":"https:\/\/www.yogaimhof.de\/wp-content\/uploads\/2018\/05\/Logo-YIH.png","contentUrl":"https:\/\/www.yogaimhof.de\/wp-content\/uploads\/2018\/05\/Logo-YIH.png","width":200,"height":198,"caption":"Yoga im Hof - seit 2005 in Augsburg"},"image":{"@id":"https:\/\/www.yogaimhof.de\/#\/schema\/logo\/image\/"},"sameAs":["https:\/\/www.facebook.com\/profile.php?id=100063689761446"]},{"@type":"Person","@id":"https:\/\/www.yogaimhof.de\/#\/schema\/person\/40639ab66b02febb41066df02d5e90ce","name":"admin","image":{"@type":"ImageObject","inLanguage":"de","@id":"https:\/\/secure.gravatar.com\/avatar\/7c94d33d7cae1142e0d8384ce86108dad6ea2c4a24c1c816625bcd8df15903cf?s=96&d=mm&r=g","url":"https:\/\/secure.gravatar.com\/avatar\/7c94d33d7cae1142e0d8384ce86108dad6ea2c4a24c1c816625bcd8df15903cf?s=96&d=mm&r=g","contentUrl":"https:\/\/secure.gravatar.com\/avatar\/7c94d33d7cae1142e0d8384ce86108dad6ea2c4a24c1c816625bcd8df15903cf?s=96&d=mm&r=g","caption":"admin"},"sameAs":["https:\/\/www.instagram.com\/yoga_im_hof_augsburg\/"],"url":"https:\/\/www.yogaimhof.de\/?author=1"}]}},"_links":{"self":[{"href":"https:\/\/www.yogaimhof.de\/index.php?rest_route=\/wp\/v2\/posts\/4263","targetHints":{"allow":["GET"]}}],"collection":[{"href":"https:\/\/www.yogaimhof.de\/index.php?rest_route=\/wp\/v2\/posts"}],"about":[{"href":"https:\/\/www.yogaimhof.de\/index.php?rest_route=\/wp\/v2\/types\/post"}],"author":[{"embeddable":true,"href":"https:\/\/www.yogaimhof.de\/index.php?rest_route=\/wp\/v2\/users\/1"}],"replies":[{"embeddable":true,"href":"https:\/\/www.yogaimhof.de\/index.php?rest_route=%2Fwp%2Fv2%2Fcomments&post=4263"}],"version-history":[{"count":9,"href":"https:\/\/www.yogaimhof.de\/index.php?rest_route=\/wp\/v2\/posts\/4263\/revisions"}],"predecessor-version":[{"id":4376,"href":"https:\/\/www.yogaimhof.de\/index.php?rest_route=\/wp\/v2\/posts\/4263\/revisions\/4376"}],"wp:attachment":[{"href":"https:\/\/www.yogaimhof.de\/index.php?rest_route=%2Fwp%2Fv2%2Fmedia&parent=4263"}],"wp:term":[{"taxonomy":"category","embeddable":true,"href":"https:\/\/www.yogaimhof.de\/index.php?rest_route=%2Fwp%2Fv2%2Fcategories&post=4263"},{"taxonomy":"post_tag","embeddable":true,"href":"https:\/\/www.yogaimhof.de\/index.php?rest_route=%2Fwp%2Fv2%2Ftags&post=4263"}],"curies":[{"name":"wp","href":"https:\/\/api.w.org\/{rel}","templated":true}]}}