{"id":4019,"date":"2022-09-12T08:50:42","date_gmt":"2022-09-12T07:50:42","guid":{"rendered":"https:\/\/www.yogaimhof.de\/?p=4019"},"modified":"2022-09-30T11:03:59","modified_gmt":"2022-09-30T10:03:59","slug":"after-work-yoga-krankenkassenzertifiziert-gestaerkt-in-den-herbst","status":"publish","type":"post","link":"https:\/\/www.yogaimhof.de\/?p=4019","title":{"rendered":"After Work Yoga krankenkassenzertifiziert \u2013 gest\u00e4rkt in den Herbst!"},"content":{"rendered":"\n<figure class=\"wp-block-image size-large\"><img loading=\"lazy\" decoding=\"async\" width=\"1024\" height=\"768\" src=\"https:\/\/www.yogaimhof.de\/wp-content\/uploads\/2022\/09\/Lena-Herbst-1024x768.jpg\" alt=\"\" class=\"wp-image-4020\" srcset=\"https:\/\/www.yogaimhof.de\/wp-content\/uploads\/2022\/09\/Lena-Herbst-1024x768.jpg 1024w, https:\/\/www.yogaimhof.de\/wp-content\/uploads\/2022\/09\/Lena-Herbst-300x225.jpg 300w, https:\/\/www.yogaimhof.de\/wp-content\/uploads\/2022\/09\/Lena-Herbst-768x576.jpg 768w, https:\/\/www.yogaimhof.de\/wp-content\/uploads\/2022\/09\/Lena-Herbst-1536x1152.jpg 1536w, https:\/\/www.yogaimhof.de\/wp-content\/uploads\/2022\/09\/Lena-Herbst.jpg 1600w\" sizes=\"auto, (max-width: 1024px) 100vw, 1024px\" \/><\/figure>\n\n\n\n<p>P\u00fcnktlich zum Herbst startet Lena wieder mit ihrem beliebten After Work Yoga. In dem krankenkassenzertifizierten Kurs kannst Du Dich und Deinen K\u00f6rper auf den Winter vorbereiten, denn ausgewogen gekr\u00e4ftigt, gedehnt und entspannt bringen Dich die \u201eSt\u00fcrme des Lebens\u201c nicht so leicht aus dem Gleichgewicht.&nbsp;<\/p>\n\n\n\n<p><strong>Kursbeschreibung After Work Yoga:&nbsp;<\/strong><\/p>\n\n\n\n<p>Vieles Sitzen, einseitige Arbeits- \/ Alltagshaltungen, wenig Bewegung \u2013 fast jede:r kennt es, dass am Abend der Nacken oder R\u00fccken zwickt und wir uns irgendwie unwohl f\u00fchlen, da uns Ausgleich, Bewegung und Erholung fehlen.&nbsp;<\/p>\n\n\n\n<p>In einer regenerativen Yogastunde am Abend widmen wir uns diesem Ungleichgewicht. Tief durchatmen, den K\u00f6rper bewegen und entspannen tut einfach gut und hilft uns bei einem wohligen Tagesausklang.&nbsp;<\/p>\n\n\n\n<p>Probier\u00b4s aus!&nbsp;<\/p>\n\n\n\n<p>Wir bahnen k\u00f6rperliche Ver\u00e4nderungsprozesse sanft und teilweise auch fordernd an, sp\u00fcren Verspannungen auf und schulen die Entspannungsf\u00e4higkeit. Dabei stehen verbreitete k\u00f6rperliche \u201eProblembereiche\u201c im Fokus und der Kurs bietet optimale M\u00f6glichkeiten, ressourcenorientiert die eigene Gesundheit zu f\u00f6rdern und Techniken zu erlernen, um mit Stressoren des (Arbeits-)Alltags besser umzugehen.&nbsp;<\/p>\n\n\n\n<ul class=\"wp-block-list\"><li><strong>Termine<\/strong>: 8 x 60 Min., Montag, 10.10.2022-28.11.2022<\/li><li><strong>Kurszeit<\/strong>: 20:00-21:00 Uhr&nbsp;<\/li><li><strong>Ort:<\/strong>&nbsp;Online per Zoom und 10 Pl\u00e4tze vor Ort bei Yoga im Hof (Augsburg). Bitte gib bei Anmeldung an, ob Du vor Ort teilnehmen m\u00f6chtest.<\/li><li><strong>Kursleiterin:<\/strong>&nbsp;Lena Kroll&nbsp;<\/li><li><strong>Kosten:<\/strong>&nbsp;112 Euro \/ 96 Euro (erm\u00e4\u00dfigt*); Yoga im Hof, IBAN: DE25720500000002660835<\/li><li><strong>Anmeldung<\/strong>:&nbsp;<a href=\"mailto:info@yogaimhof.de\">info@yogaimhof.de<\/a><\/li><li><strong>Krankenkassenerstattung:<\/strong> Der Kurs ist krankenkassenzertifiziert. Bei Teilnahme an mind. 7 von 8 Kursstunden \u00fcbernehmen viele Kassen (anteilig) die Kosten. Frag\u00b4 am besten bei Deiner Kasse nach.&nbsp;<\/li><\/ul>\n\n\n\n<p>*erm\u00e4\u00dfigt: Der erm\u00e4\u00dfigte Beitrag gilt f\u00fcr alle, die finanziell nicht so gut dastehen. Du entscheidest selbst und musst keine Rechenschaft ablegen.&nbsp;<\/p>\n","protected":false},"excerpt":{"rendered":"<p>P\u00fcnktlich zum Herbst startet Lena wieder mit ihrem beliebten After Work Yoga. In dem krankenkassenzertifizierten Kurs kannst Du Dich und Deinen K\u00f6rper auf den Winter vorbereiten, denn ausgewogen gekr\u00e4ftigt, gedehnt und entspannt bringen Dich die \u201eSt\u00fcrme des Lebens\u201c nicht so leicht aus dem Gleichgewicht.&nbsp; Kursbeschreibung After Work Yoga:&nbsp; Vieles Sitzen, einseitige Arbeits- \/ Alltagshaltungen, wenig [&hellip;]<\/p>\n","protected":false},"author":1,"featured_media":0,"comment_status":"closed","ping_status":"closed","sticky":false,"template":"","format":"standard","meta":{"footnotes":""},"categories":[9,1],"tags":[98,188,171,169],"class_list":["post-4019","post","type-post","status-publish","format-standard","hentry","category-spezielle-kurse","category-uncategorized","tag-yoga-in-augsburg","tag-yoga-und-entspannung","tag-yogakurse-in-augsburg","tag-yogaschule-in-augsburg"],"yoast_head":"<!-- This site is optimized with the Yoast SEO plugin v27.5 - https:\/\/yoast.com\/product\/yoast-seo-wordpress\/ -->\n<title>After Work Yoga krankenkassenzertifiziert \u2013 gest\u00e4rkt in den Herbst! - Yoga im Hof - seit 2005 in Augsburg<\/title>\n<meta name=\"robots\" content=\"index, follow, max-snippet:-1, max-image-preview:large, max-video-preview:-1\" \/>\n<link rel=\"canonical\" href=\"https:\/\/www.yogaimhof.de\/?p=4019\" \/>\n<meta property=\"og:locale\" content=\"de_DE\" \/>\n<meta property=\"og:type\" content=\"article\" \/>\n<meta property=\"og:title\" content=\"After Work Yoga krankenkassenzertifiziert \u2013 gest\u00e4rkt in den Herbst! - Yoga im Hof - seit 2005 in Augsburg\" \/>\n<meta property=\"og:description\" content=\"P\u00fcnktlich zum Herbst startet Lena wieder mit ihrem beliebten After Work Yoga. In dem krankenkassenzertifizierten Kurs kannst Du Dich und Deinen K\u00f6rper auf den Winter vorbereiten, denn ausgewogen gekr\u00e4ftigt, gedehnt und entspannt bringen Dich die \u201eSt\u00fcrme des Lebens\u201c nicht so leicht aus dem Gleichgewicht.&nbsp; Kursbeschreibung After Work Yoga:&nbsp; Vieles Sitzen, einseitige Arbeits- \/ Alltagshaltungen, wenig [&hellip;]\" \/>\n<meta property=\"og:url\" content=\"https:\/\/www.yogaimhof.de\/?p=4019\" \/>\n<meta property=\"og:site_name\" content=\"Yoga im Hof - seit 2005 in Augsburg\" \/>\n<meta property=\"article:publisher\" content=\"https:\/\/www.facebook.com\/profile.php?id=100063689761446\" \/>\n<meta property=\"article:published_time\" content=\"2022-09-12T07:50:42+00:00\" \/>\n<meta property=\"article:modified_time\" content=\"2022-09-30T10:03:59+00:00\" \/>\n<meta property=\"og:image\" content=\"https:\/\/www.yogaimhof.de\/wp-content\/uploads\/2022\/09\/Lena-Herbst-1024x768.jpg\" \/>\n<meta name=\"author\" content=\"admin\" \/>\n<meta name=\"twitter:card\" content=\"summary_large_image\" \/>\n<meta name=\"twitter:label1\" content=\"Verfasst von\" \/>\n\t<meta name=\"twitter:data1\" content=\"admin\" \/>\n<script type=\"application\/ld+json\" class=\"yoast-schema-graph\">{\"@context\":\"https:\\\/\\\/schema.org\",\"@graph\":[{\"@type\":\"Article\",\"@id\":\"https:\\\/\\\/www.yogaimhof.de\\\/?p=4019#article\",\"isPartOf\":{\"@id\":\"https:\\\/\\\/www.yogaimhof.de\\\/?p=4019\"},\"author\":{\"name\":\"admin\",\"@id\":\"https:\\\/\\\/www.yogaimhof.de\\\/#\\\/schema\\\/person\\\/40639ab66b02febb41066df02d5e90ce\"},\"headline\":\"After Work Yoga krankenkassenzertifiziert \u2013 gest\u00e4rkt in den Herbst!\",\"datePublished\":\"2022-09-12T07:50:42+00:00\",\"dateModified\":\"2022-09-30T10:03:59+00:00\",\"mainEntityOfPage\":{\"@id\":\"https:\\\/\\\/www.yogaimhof.de\\\/?p=4019\"},\"wordCount\":296,\"publisher\":{\"@id\":\"https:\\\/\\\/www.yogaimhof.de\\\/#organization\"},\"image\":{\"@id\":\"https:\\\/\\\/www.yogaimhof.de\\\/?p=4019#primaryimage\"},\"thumbnailUrl\":\"https:\\\/\\\/www.yogaimhof.de\\\/wp-content\\\/uploads\\\/2022\\\/09\\\/Lena-Herbst-1024x768.jpg\",\"keywords\":[\"Yoga in Augsburg\",\"Yoga und Entspannung\",\"Yogakurse in Augsburg\",\"Yogaschule in Augsburg\"],\"articleSection\":[\"Spezielle Kurse\",\"Uncategorized\"],\"inLanguage\":\"de\"},{\"@type\":\"WebPage\",\"@id\":\"https:\\\/\\\/www.yogaimhof.de\\\/?p=4019\",\"url\":\"https:\\\/\\\/www.yogaimhof.de\\\/?p=4019\",\"name\":\"After Work Yoga krankenkassenzertifiziert \u2013 gest\u00e4rkt in den Herbst! - Yoga im Hof - seit 2005 in Augsburg\",\"isPartOf\":{\"@id\":\"https:\\\/\\\/www.yogaimhof.de\\\/#website\"},\"primaryImageOfPage\":{\"@id\":\"https:\\\/\\\/www.yogaimhof.de\\\/?p=4019#primaryimage\"},\"image\":{\"@id\":\"https:\\\/\\\/www.yogaimhof.de\\\/?p=4019#primaryimage\"},\"thumbnailUrl\":\"https:\\\/\\\/www.yogaimhof.de\\\/wp-content\\\/uploads\\\/2022\\\/09\\\/Lena-Herbst-1024x768.jpg\",\"datePublished\":\"2022-09-12T07:50:42+00:00\",\"dateModified\":\"2022-09-30T10:03:59+00:00\",\"breadcrumb\":{\"@id\":\"https:\\\/\\\/www.yogaimhof.de\\\/?p=4019#breadcrumb\"},\"inLanguage\":\"de\",\"potentialAction\":[{\"@type\":\"ReadAction\",\"target\":[\"https:\\\/\\\/www.yogaimhof.de\\\/?p=4019\"]}]},{\"@type\":\"ImageObject\",\"inLanguage\":\"de\",\"@id\":\"https:\\\/\\\/www.yogaimhof.de\\\/?p=4019#primaryimage\",\"url\":\"https:\\\/\\\/www.yogaimhof.de\\\/wp-content\\\/uploads\\\/2022\\\/09\\\/Lena-Herbst.jpg\",\"contentUrl\":\"https:\\\/\\\/www.yogaimhof.de\\\/wp-content\\\/uploads\\\/2022\\\/09\\\/Lena-Herbst.jpg\",\"width\":1600,\"height\":1200},{\"@type\":\"BreadcrumbList\",\"@id\":\"https:\\\/\\\/www.yogaimhof.de\\\/?p=4019#breadcrumb\",\"itemListElement\":[{\"@type\":\"ListItem\",\"position\":1,\"name\":\"Startseite\",\"item\":\"https:\\\/\\\/www.yogaimhof.de\\\/\"},{\"@type\":\"ListItem\",\"position\":2,\"name\":\"After Work Yoga krankenkassenzertifiziert \u2013 gest\u00e4rkt in den Herbst!\"}]},{\"@type\":\"WebSite\",\"@id\":\"https:\\\/\\\/www.yogaimhof.de\\\/#website\",\"url\":\"https:\\\/\\\/www.yogaimhof.de\\\/\",\"name\":\"Yoga im Hof - seit 2005 in Augsburg\",\"description\":\"Zeit f\u00fcr Yoga... Zeit f\u00fcr Dich.\",\"publisher\":{\"@id\":\"https:\\\/\\\/www.yogaimhof.de\\\/#organization\"},\"potentialAction\":[{\"@type\":\"SearchAction\",\"target\":{\"@type\":\"EntryPoint\",\"urlTemplate\":\"https:\\\/\\\/www.yogaimhof.de\\\/?s={search_term_string}\"},\"query-input\":{\"@type\":\"PropertyValueSpecification\",\"valueRequired\":true,\"valueName\":\"search_term_string\"}}],\"inLanguage\":\"de\"},{\"@type\":\"Organization\",\"@id\":\"https:\\\/\\\/www.yogaimhof.de\\\/#organization\",\"name\":\"Yoga im Hof - seit 2005 in Augsburg\",\"url\":\"https:\\\/\\\/www.yogaimhof.de\\\/\",\"logo\":{\"@type\":\"ImageObject\",\"inLanguage\":\"de\",\"@id\":\"https:\\\/\\\/www.yogaimhof.de\\\/#\\\/schema\\\/logo\\\/image\\\/\",\"url\":\"https:\\\/\\\/www.yogaimhof.de\\\/wp-content\\\/uploads\\\/2018\\\/05\\\/Logo-YIH.png\",\"contentUrl\":\"https:\\\/\\\/www.yogaimhof.de\\\/wp-content\\\/uploads\\\/2018\\\/05\\\/Logo-YIH.png\",\"width\":200,\"height\":198,\"caption\":\"Yoga im Hof - seit 2005 in Augsburg\"},\"image\":{\"@id\":\"https:\\\/\\\/www.yogaimhof.de\\\/#\\\/schema\\\/logo\\\/image\\\/\"},\"sameAs\":[\"https:\\\/\\\/www.facebook.com\\\/profile.php?id=100063689761446\"]},{\"@type\":\"Person\",\"@id\":\"https:\\\/\\\/www.yogaimhof.de\\\/#\\\/schema\\\/person\\\/40639ab66b02febb41066df02d5e90ce\",\"name\":\"admin\",\"image\":{\"@type\":\"ImageObject\",\"inLanguage\":\"de\",\"@id\":\"https:\\\/\\\/secure.gravatar.com\\\/avatar\\\/7c94d33d7cae1142e0d8384ce86108dad6ea2c4a24c1c816625bcd8df15903cf?s=96&d=mm&r=g\",\"url\":\"https:\\\/\\\/secure.gravatar.com\\\/avatar\\\/7c94d33d7cae1142e0d8384ce86108dad6ea2c4a24c1c816625bcd8df15903cf?s=96&d=mm&r=g\",\"contentUrl\":\"https:\\\/\\\/secure.gravatar.com\\\/avatar\\\/7c94d33d7cae1142e0d8384ce86108dad6ea2c4a24c1c816625bcd8df15903cf?s=96&d=mm&r=g\",\"caption\":\"admin\"},\"sameAs\":[\"https:\\\/\\\/www.instagram.com\\\/yoga_im_hof_augsburg\\\/\"],\"url\":\"https:\\\/\\\/www.yogaimhof.de\\\/?author=1\"}]}<\/script>\n<!-- \/ Yoast SEO plugin. -->","yoast_head_json":{"title":"After Work Yoga krankenkassenzertifiziert \u2013 gest\u00e4rkt in den Herbst! - Yoga im Hof - seit 2005 in Augsburg","robots":{"index":"index","follow":"follow","max-snippet":"max-snippet:-1","max-image-preview":"max-image-preview:large","max-video-preview":"max-video-preview:-1"},"canonical":"https:\/\/www.yogaimhof.de\/?p=4019","og_locale":"de_DE","og_type":"article","og_title":"After Work Yoga krankenkassenzertifiziert \u2013 gest\u00e4rkt in den Herbst! - Yoga im Hof - seit 2005 in Augsburg","og_description":"P\u00fcnktlich zum Herbst startet Lena wieder mit ihrem beliebten After Work Yoga. In dem krankenkassenzertifizierten Kurs kannst Du Dich und Deinen K\u00f6rper auf den Winter vorbereiten, denn ausgewogen gekr\u00e4ftigt, gedehnt und entspannt bringen Dich die \u201eSt\u00fcrme des Lebens\u201c nicht so leicht aus dem Gleichgewicht.&nbsp; Kursbeschreibung After Work Yoga:&nbsp; Vieles Sitzen, einseitige Arbeits- \/ Alltagshaltungen, wenig [&hellip;]","og_url":"https:\/\/www.yogaimhof.de\/?p=4019","og_site_name":"Yoga im Hof - seit 2005 in Augsburg","article_publisher":"https:\/\/www.facebook.com\/profile.php?id=100063689761446","article_published_time":"2022-09-12T07:50:42+00:00","article_modified_time":"2022-09-30T10:03:59+00:00","og_image":[{"url":"https:\/\/www.yogaimhof.de\/wp-content\/uploads\/2022\/09\/Lena-Herbst-1024x768.jpg","type":"","width":"","height":""}],"author":"admin","twitter_card":"summary_large_image","twitter_misc":{"Verfasst von":"admin"},"schema":{"@context":"https:\/\/schema.org","@graph":[{"@type":"Article","@id":"https:\/\/www.yogaimhof.de\/?p=4019#article","isPartOf":{"@id":"https:\/\/www.yogaimhof.de\/?p=4019"},"author":{"name":"admin","@id":"https:\/\/www.yogaimhof.de\/#\/schema\/person\/40639ab66b02febb41066df02d5e90ce"},"headline":"After Work Yoga krankenkassenzertifiziert \u2013 gest\u00e4rkt in den Herbst!","datePublished":"2022-09-12T07:50:42+00:00","dateModified":"2022-09-30T10:03:59+00:00","mainEntityOfPage":{"@id":"https:\/\/www.yogaimhof.de\/?p=4019"},"wordCount":296,"publisher":{"@id":"https:\/\/www.yogaimhof.de\/#organization"},"image":{"@id":"https:\/\/www.yogaimhof.de\/?p=4019#primaryimage"},"thumbnailUrl":"https:\/\/www.yogaimhof.de\/wp-content\/uploads\/2022\/09\/Lena-Herbst-1024x768.jpg","keywords":["Yoga in Augsburg","Yoga und Entspannung","Yogakurse in Augsburg","Yogaschule in Augsburg"],"articleSection":["Spezielle Kurse","Uncategorized"],"inLanguage":"de"},{"@type":"WebPage","@id":"https:\/\/www.yogaimhof.de\/?p=4019","url":"https:\/\/www.yogaimhof.de\/?p=4019","name":"After Work Yoga krankenkassenzertifiziert \u2013 gest\u00e4rkt in den Herbst! - Yoga im Hof - seit 2005 in Augsburg","isPartOf":{"@id":"https:\/\/www.yogaimhof.de\/#website"},"primaryImageOfPage":{"@id":"https:\/\/www.yogaimhof.de\/?p=4019#primaryimage"},"image":{"@id":"https:\/\/www.yogaimhof.de\/?p=4019#primaryimage"},"thumbnailUrl":"https:\/\/www.yogaimhof.de\/wp-content\/uploads\/2022\/09\/Lena-Herbst-1024x768.jpg","datePublished":"2022-09-12T07:50:42+00:00","dateModified":"2022-09-30T10:03:59+00:00","breadcrumb":{"@id":"https:\/\/www.yogaimhof.de\/?p=4019#breadcrumb"},"inLanguage":"de","potentialAction":[{"@type":"ReadAction","target":["https:\/\/www.yogaimhof.de\/?p=4019"]}]},{"@type":"ImageObject","inLanguage":"de","@id":"https:\/\/www.yogaimhof.de\/?p=4019#primaryimage","url":"https:\/\/www.yogaimhof.de\/wp-content\/uploads\/2022\/09\/Lena-Herbst.jpg","contentUrl":"https:\/\/www.yogaimhof.de\/wp-content\/uploads\/2022\/09\/Lena-Herbst.jpg","width":1600,"height":1200},{"@type":"BreadcrumbList","@id":"https:\/\/www.yogaimhof.de\/?p=4019#breadcrumb","itemListElement":[{"@type":"ListItem","position":1,"name":"Startseite","item":"https:\/\/www.yogaimhof.de\/"},{"@type":"ListItem","position":2,"name":"After Work Yoga krankenkassenzertifiziert \u2013 gest\u00e4rkt in den Herbst!"}]},{"@type":"WebSite","@id":"https:\/\/www.yogaimhof.de\/#website","url":"https:\/\/www.yogaimhof.de\/","name":"Yoga im Hof - seit 2005 in Augsburg","description":"Zeit f\u00fcr Yoga... Zeit f\u00fcr Dich.","publisher":{"@id":"https:\/\/www.yogaimhof.de\/#organization"},"potentialAction":[{"@type":"SearchAction","target":{"@type":"EntryPoint","urlTemplate":"https:\/\/www.yogaimhof.de\/?s={search_term_string}"},"query-input":{"@type":"PropertyValueSpecification","valueRequired":true,"valueName":"search_term_string"}}],"inLanguage":"de"},{"@type":"Organization","@id":"https:\/\/www.yogaimhof.de\/#organization","name":"Yoga im Hof - seit 2005 in Augsburg","url":"https:\/\/www.yogaimhof.de\/","logo":{"@type":"ImageObject","inLanguage":"de","@id":"https:\/\/www.yogaimhof.de\/#\/schema\/logo\/image\/","url":"https:\/\/www.yogaimhof.de\/wp-content\/uploads\/2018\/05\/Logo-YIH.png","contentUrl":"https:\/\/www.yogaimhof.de\/wp-content\/uploads\/2018\/05\/Logo-YIH.png","width":200,"height":198,"caption":"Yoga im Hof - seit 2005 in Augsburg"},"image":{"@id":"https:\/\/www.yogaimhof.de\/#\/schema\/logo\/image\/"},"sameAs":["https:\/\/www.facebook.com\/profile.php?id=100063689761446"]},{"@type":"Person","@id":"https:\/\/www.yogaimhof.de\/#\/schema\/person\/40639ab66b02febb41066df02d5e90ce","name":"admin","image":{"@type":"ImageObject","inLanguage":"de","@id":"https:\/\/secure.gravatar.com\/avatar\/7c94d33d7cae1142e0d8384ce86108dad6ea2c4a24c1c816625bcd8df15903cf?s=96&d=mm&r=g","url":"https:\/\/secure.gravatar.com\/avatar\/7c94d33d7cae1142e0d8384ce86108dad6ea2c4a24c1c816625bcd8df15903cf?s=96&d=mm&r=g","contentUrl":"https:\/\/secure.gravatar.com\/avatar\/7c94d33d7cae1142e0d8384ce86108dad6ea2c4a24c1c816625bcd8df15903cf?s=96&d=mm&r=g","caption":"admin"},"sameAs":["https:\/\/www.instagram.com\/yoga_im_hof_augsburg\/"],"url":"https:\/\/www.yogaimhof.de\/?author=1"}]}},"_links":{"self":[{"href":"https:\/\/www.yogaimhof.de\/index.php?rest_route=\/wp\/v2\/posts\/4019","targetHints":{"allow":["GET"]}}],"collection":[{"href":"https:\/\/www.yogaimhof.de\/index.php?rest_route=\/wp\/v2\/posts"}],"about":[{"href":"https:\/\/www.yogaimhof.de\/index.php?rest_route=\/wp\/v2\/types\/post"}],"author":[{"embeddable":true,"href":"https:\/\/www.yogaimhof.de\/index.php?rest_route=\/wp\/v2\/users\/1"}],"replies":[{"embeddable":true,"href":"https:\/\/www.yogaimhof.de\/index.php?rest_route=%2Fwp%2Fv2%2Fcomments&post=4019"}],"version-history":[{"count":3,"href":"https:\/\/www.yogaimhof.de\/index.php?rest_route=\/wp\/v2\/posts\/4019\/revisions"}],"predecessor-version":[{"id":4125,"href":"https:\/\/www.yogaimhof.de\/index.php?rest_route=\/wp\/v2\/posts\/4019\/revisions\/4125"}],"wp:attachment":[{"href":"https:\/\/www.yogaimhof.de\/index.php?rest_route=%2Fwp%2Fv2%2Fmedia&parent=4019"}],"wp:term":[{"taxonomy":"category","embeddable":true,"href":"https:\/\/www.yogaimhof.de\/index.php?rest_route=%2Fwp%2Fv2%2Fcategories&post=4019"},{"taxonomy":"post_tag","embeddable":true,"href":"https:\/\/www.yogaimhof.de\/index.php?rest_route=%2Fwp%2Fv2%2Ftags&post=4019"}],"curies":[{"name":"wp","href":"https:\/\/api.w.org\/{rel}","templated":true}]}}