{"id":3122,"date":"2020-11-15T16:47:28","date_gmt":"2020-11-15T14:47:28","guid":{"rendered":"http:\/\/www.yogaimhof.de\/blog\/?p=3122"},"modified":"2020-11-15T16:47:29","modified_gmt":"2020-11-15T14:47:29","slug":"zoom-yoga-klappt-gut","status":"publish","type":"post","link":"https:\/\/www.yogaimhof.de\/?p=3122","title":{"rendered":"Zoom-Yoga klappt gut!"},"content":{"rendered":"\n<div class=\"wp-block-group\"><div class=\"wp-block-group__inner-container is-layout-flow wp-block-group-is-layout-flow\">\n<div class=\"wp-block-group\"><div class=\"wp-block-group__inner-container is-layout-flow wp-block-group-is-layout-flow\">\n<figure class=\"wp-block-image size-large\"><img loading=\"lazy\" decoding=\"async\" width=\"718\" height=\"615\" src=\"http:\/\/www.yogaimhof.de\/blog\/wp-content\/uploads\/2020\/11\/Bildschirmfoto-2020-11-15-um-15.32.13.png\" alt=\"\" class=\"wp-image-3126\" srcset=\"https:\/\/www.yogaimhof.de\/wp-content\/uploads\/2020\/11\/Bildschirmfoto-2020-11-15-um-15.32.13.png 718w, https:\/\/www.yogaimhof.de\/wp-content\/uploads\/2020\/11\/Bildschirmfoto-2020-11-15-um-15.32.13-300x257.png 300w\" sizes=\"auto, (max-width: 718px) 100vw, 718px\" \/><\/figure>\n<\/div><\/div>\n<\/div><\/div>\n\n\n\n<p>Zoom-Yoga klappt gut \ud83d\ude42 Wenn du es noch nicht ausprobiert hast: unbedingt testen! Du brauchst nur ein Pl\u00e4tzchen, um deine Matte auszurollen, einen Computer, Tablet oder Smartphone mit Internet &#8211; und los geht&#8217;s!<\/p>\n\n\n\n<p>Gehe zur Seite <a href=\"http:\/\/www.yogaimhof.de\/blog\/?page_id=1898\" target=\"_blank\" rel=\"noreferrer noopener\">Stundenplan<\/a>, klicke auf ZOOM und folge den Erl\u00e4uterungen. Es ist wirklich sehr einfach.<\/p>\n\n\n\n<p>Gerade in dieser Zeit ist es doch wichtig, gut f\u00fcr sich zu sorgen, sich zu bewegen, zu entspannen und auch Leute (wenn auch virtuell) zu treffen.<\/p>\n\n\n\n<p>Bis die Tage, bei ZOOM-Yogaimhof!<\/p>\n","protected":false},"excerpt":{"rendered":"<p>Zoom-Yoga klappt gut \ud83d\ude42 Wenn du es noch nicht ausprobiert hast: unbedingt testen! Du brauchst nur ein Pl\u00e4tzchen, um deine Matte auszurollen, einen Computer, Tablet oder Smartphone mit Internet &#8211; und los geht&#8217;s! Gehe zur Seite Stundenplan, klicke auf ZOOM und folge den Erl\u00e4uterungen. Es ist wirklich sehr einfach. Gerade in dieser Zeit ist es [&hellip;]<\/p>\n","protected":false},"author":1,"featured_media":0,"comment_status":"closed","ping_status":"closed","sticky":false,"template":"","format":"standard","meta":{"footnotes":""},"categories":[1],"tags":[24,45,44,98,189,190,75,162,173,171,191],"class_list":["post-3122","post","type-post","status-publish","format-standard","hentry","category-uncategorized","tag-yoga","tag-yoga-fur-den-rucken","tag-yoga-im-bismarckviertel","tag-yoga-in-augsburg","tag-yoga-online","tag-yoga-uber-zoom","tag-yoga-und-meditation","tag-yogakurs","tag-yogakurse","tag-yogakurse-in-augsburg","tag-zoomyoga"],"yoast_head":"<!-- This site is optimized with the Yoast SEO plugin v27.5 - https:\/\/yoast.com\/product\/yoast-seo-wordpress\/ -->\n<title>Zoom-Yoga klappt gut! - Yoga im Hof - seit 2005 in Augsburg<\/title>\n<meta name=\"robots\" content=\"index, follow, max-snippet:-1, max-image-preview:large, max-video-preview:-1\" \/>\n<link rel=\"canonical\" href=\"https:\/\/www.yogaimhof.de\/?p=3122\" \/>\n<meta property=\"og:locale\" content=\"de_DE\" \/>\n<meta property=\"og:type\" content=\"article\" \/>\n<meta property=\"og:title\" content=\"Zoom-Yoga klappt gut! - Yoga im Hof - seit 2005 in Augsburg\" \/>\n<meta property=\"og:description\" content=\"Zoom-Yoga klappt gut \ud83d\ude42 Wenn du es noch nicht ausprobiert hast: unbedingt testen! Du brauchst nur ein Pl\u00e4tzchen, um deine Matte auszurollen, einen Computer, Tablet oder Smartphone mit Internet &#8211; und los geht&#8217;s! Gehe zur Seite Stundenplan, klicke auf ZOOM und folge den Erl\u00e4uterungen. Es ist wirklich sehr einfach. Gerade in dieser Zeit ist es [&hellip;]\" \/>\n<meta property=\"og:url\" content=\"https:\/\/www.yogaimhof.de\/?p=3122\" \/>\n<meta property=\"og:site_name\" content=\"Yoga im Hof - seit 2005 in Augsburg\" \/>\n<meta property=\"article:publisher\" content=\"https:\/\/www.facebook.com\/profile.php?id=100063689761446\" \/>\n<meta property=\"article:published_time\" content=\"2020-11-15T14:47:28+00:00\" \/>\n<meta property=\"article:modified_time\" content=\"2020-11-15T14:47:29+00:00\" \/>\n<meta property=\"og:image\" content=\"http:\/\/www.yogaimhof.de\/blog\/wp-content\/uploads\/2020\/11\/Bildschirmfoto-2020-11-15-um-15.32.13.png\" \/>\n<meta name=\"author\" content=\"admin\" \/>\n<meta name=\"twitter:card\" content=\"summary_large_image\" \/>\n<meta name=\"twitter:label1\" content=\"Verfasst von\" \/>\n\t<meta name=\"twitter:data1\" content=\"admin\" \/>\n<script type=\"application\/ld+json\" class=\"yoast-schema-graph\">{\"@context\":\"https:\\\/\\\/schema.org\",\"@graph\":[{\"@type\":\"Article\",\"@id\":\"https:\\\/\\\/www.yogaimhof.de\\\/?p=3122#article\",\"isPartOf\":{\"@id\":\"https:\\\/\\\/www.yogaimhof.de\\\/?p=3122\"},\"author\":{\"name\":\"admin\",\"@id\":\"https:\\\/\\\/www.yogaimhof.de\\\/#\\\/schema\\\/person\\\/40639ab66b02febb41066df02d5e90ce\"},\"headline\":\"Zoom-Yoga klappt gut!\",\"datePublished\":\"2020-11-15T14:47:28+00:00\",\"dateModified\":\"2020-11-15T14:47:29+00:00\",\"mainEntityOfPage\":{\"@id\":\"https:\\\/\\\/www.yogaimhof.de\\\/?p=3122\"},\"wordCount\":87,\"publisher\":{\"@id\":\"https:\\\/\\\/www.yogaimhof.de\\\/#organization\"},\"image\":{\"@id\":\"https:\\\/\\\/www.yogaimhof.de\\\/?p=3122#primaryimage\"},\"thumbnailUrl\":\"http:\\\/\\\/www.yogaimhof.de\\\/blog\\\/wp-content\\\/uploads\\\/2020\\\/11\\\/Bildschirmfoto-2020-11-15-um-15.32.13.png\",\"keywords\":[\"Yoga\",\"Yoga f\u00fcr den R\u00fccken\",\"Yoga im Bismarckviertel\",\"Yoga in Augsburg\",\"Yoga online\",\"Yoga \u00fcber Zoom\",\"Yoga und Meditation\",\"Yogakurs\",\"Yogakurse\",\"Yogakurse in Augsburg\",\"Zoomyoga\"],\"articleSection\":[\"Uncategorized\"],\"inLanguage\":\"de\"},{\"@type\":\"WebPage\",\"@id\":\"https:\\\/\\\/www.yogaimhof.de\\\/?p=3122\",\"url\":\"https:\\\/\\\/www.yogaimhof.de\\\/?p=3122\",\"name\":\"Zoom-Yoga klappt gut! - Yoga im Hof - seit 2005 in Augsburg\",\"isPartOf\":{\"@id\":\"https:\\\/\\\/www.yogaimhof.de\\\/#website\"},\"primaryImageOfPage\":{\"@id\":\"https:\\\/\\\/www.yogaimhof.de\\\/?p=3122#primaryimage\"},\"image\":{\"@id\":\"https:\\\/\\\/www.yogaimhof.de\\\/?p=3122#primaryimage\"},\"thumbnailUrl\":\"http:\\\/\\\/www.yogaimhof.de\\\/blog\\\/wp-content\\\/uploads\\\/2020\\\/11\\\/Bildschirmfoto-2020-11-15-um-15.32.13.png\",\"datePublished\":\"2020-11-15T14:47:28+00:00\",\"dateModified\":\"2020-11-15T14:47:29+00:00\",\"breadcrumb\":{\"@id\":\"https:\\\/\\\/www.yogaimhof.de\\\/?p=3122#breadcrumb\"},\"inLanguage\":\"de\",\"potentialAction\":[{\"@type\":\"ReadAction\",\"target\":[\"https:\\\/\\\/www.yogaimhof.de\\\/?p=3122\"]}]},{\"@type\":\"ImageObject\",\"inLanguage\":\"de\",\"@id\":\"https:\\\/\\\/www.yogaimhof.de\\\/?p=3122#primaryimage\",\"url\":\"http:\\\/\\\/www.yogaimhof.de\\\/blog\\\/wp-content\\\/uploads\\\/2020\\\/11\\\/Bildschirmfoto-2020-11-15-um-15.32.13.png\",\"contentUrl\":\"http:\\\/\\\/www.yogaimhof.de\\\/blog\\\/wp-content\\\/uploads\\\/2020\\\/11\\\/Bildschirmfoto-2020-11-15-um-15.32.13.png\"},{\"@type\":\"BreadcrumbList\",\"@id\":\"https:\\\/\\\/www.yogaimhof.de\\\/?p=3122#breadcrumb\",\"itemListElement\":[{\"@type\":\"ListItem\",\"position\":1,\"name\":\"Startseite\",\"item\":\"https:\\\/\\\/www.yogaimhof.de\\\/\"},{\"@type\":\"ListItem\",\"position\":2,\"name\":\"Zoom-Yoga klappt gut!\"}]},{\"@type\":\"WebSite\",\"@id\":\"https:\\\/\\\/www.yogaimhof.de\\\/#website\",\"url\":\"https:\\\/\\\/www.yogaimhof.de\\\/\",\"name\":\"Yoga im Hof - seit 2005 in Augsburg\",\"description\":\"Zeit f\u00fcr Yoga... Zeit f\u00fcr Dich.\",\"publisher\":{\"@id\":\"https:\\\/\\\/www.yogaimhof.de\\\/#organization\"},\"potentialAction\":[{\"@type\":\"SearchAction\",\"target\":{\"@type\":\"EntryPoint\",\"urlTemplate\":\"https:\\\/\\\/www.yogaimhof.de\\\/?s={search_term_string}\"},\"query-input\":{\"@type\":\"PropertyValueSpecification\",\"valueRequired\":true,\"valueName\":\"search_term_string\"}}],\"inLanguage\":\"de\"},{\"@type\":\"Organization\",\"@id\":\"https:\\\/\\\/www.yogaimhof.de\\\/#organization\",\"name\":\"Yoga im Hof - seit 2005 in Augsburg\",\"url\":\"https:\\\/\\\/www.yogaimhof.de\\\/\",\"logo\":{\"@type\":\"ImageObject\",\"inLanguage\":\"de\",\"@id\":\"https:\\\/\\\/www.yogaimhof.de\\\/#\\\/schema\\\/logo\\\/image\\\/\",\"url\":\"https:\\\/\\\/www.yogaimhof.de\\\/wp-content\\\/uploads\\\/2018\\\/05\\\/Logo-YIH.png\",\"contentUrl\":\"https:\\\/\\\/www.yogaimhof.de\\\/wp-content\\\/uploads\\\/2018\\\/05\\\/Logo-YIH.png\",\"width\":200,\"height\":198,\"caption\":\"Yoga im Hof - seit 2005 in Augsburg\"},\"image\":{\"@id\":\"https:\\\/\\\/www.yogaimhof.de\\\/#\\\/schema\\\/logo\\\/image\\\/\"},\"sameAs\":[\"https:\\\/\\\/www.facebook.com\\\/profile.php?id=100063689761446\"]},{\"@type\":\"Person\",\"@id\":\"https:\\\/\\\/www.yogaimhof.de\\\/#\\\/schema\\\/person\\\/40639ab66b02febb41066df02d5e90ce\",\"name\":\"admin\",\"image\":{\"@type\":\"ImageObject\",\"inLanguage\":\"de\",\"@id\":\"https:\\\/\\\/secure.gravatar.com\\\/avatar\\\/7c94d33d7cae1142e0d8384ce86108dad6ea2c4a24c1c816625bcd8df15903cf?s=96&d=mm&r=g\",\"url\":\"https:\\\/\\\/secure.gravatar.com\\\/avatar\\\/7c94d33d7cae1142e0d8384ce86108dad6ea2c4a24c1c816625bcd8df15903cf?s=96&d=mm&r=g\",\"contentUrl\":\"https:\\\/\\\/secure.gravatar.com\\\/avatar\\\/7c94d33d7cae1142e0d8384ce86108dad6ea2c4a24c1c816625bcd8df15903cf?s=96&d=mm&r=g\",\"caption\":\"admin\"},\"sameAs\":[\"https:\\\/\\\/www.instagram.com\\\/yoga_im_hof_augsburg\\\/\"],\"url\":\"https:\\\/\\\/www.yogaimhof.de\\\/?author=1\"}]}<\/script>\n<!-- \/ Yoast SEO plugin. -->","yoast_head_json":{"title":"Zoom-Yoga klappt gut! - Yoga im Hof - seit 2005 in Augsburg","robots":{"index":"index","follow":"follow","max-snippet":"max-snippet:-1","max-image-preview":"max-image-preview:large","max-video-preview":"max-video-preview:-1"},"canonical":"https:\/\/www.yogaimhof.de\/?p=3122","og_locale":"de_DE","og_type":"article","og_title":"Zoom-Yoga klappt gut! - Yoga im Hof - seit 2005 in Augsburg","og_description":"Zoom-Yoga klappt gut \ud83d\ude42 Wenn du es noch nicht ausprobiert hast: unbedingt testen! Du brauchst nur ein Pl\u00e4tzchen, um deine Matte auszurollen, einen Computer, Tablet oder Smartphone mit Internet &#8211; und los geht&#8217;s! Gehe zur Seite Stundenplan, klicke auf ZOOM und folge den Erl\u00e4uterungen. Es ist wirklich sehr einfach. Gerade in dieser Zeit ist es [&hellip;]","og_url":"https:\/\/www.yogaimhof.de\/?p=3122","og_site_name":"Yoga im Hof - seit 2005 in Augsburg","article_publisher":"https:\/\/www.facebook.com\/profile.php?id=100063689761446","article_published_time":"2020-11-15T14:47:28+00:00","article_modified_time":"2020-11-15T14:47:29+00:00","og_image":[{"url":"http:\/\/www.yogaimhof.de\/blog\/wp-content\/uploads\/2020\/11\/Bildschirmfoto-2020-11-15-um-15.32.13.png","type":"","width":"","height":""}],"author":"admin","twitter_card":"summary_large_image","twitter_misc":{"Verfasst von":"admin"},"schema":{"@context":"https:\/\/schema.org","@graph":[{"@type":"Article","@id":"https:\/\/www.yogaimhof.de\/?p=3122#article","isPartOf":{"@id":"https:\/\/www.yogaimhof.de\/?p=3122"},"author":{"name":"admin","@id":"https:\/\/www.yogaimhof.de\/#\/schema\/person\/40639ab66b02febb41066df02d5e90ce"},"headline":"Zoom-Yoga klappt gut!","datePublished":"2020-11-15T14:47:28+00:00","dateModified":"2020-11-15T14:47:29+00:00","mainEntityOfPage":{"@id":"https:\/\/www.yogaimhof.de\/?p=3122"},"wordCount":87,"publisher":{"@id":"https:\/\/www.yogaimhof.de\/#organization"},"image":{"@id":"https:\/\/www.yogaimhof.de\/?p=3122#primaryimage"},"thumbnailUrl":"http:\/\/www.yogaimhof.de\/blog\/wp-content\/uploads\/2020\/11\/Bildschirmfoto-2020-11-15-um-15.32.13.png","keywords":["Yoga","Yoga f\u00fcr den R\u00fccken","Yoga im Bismarckviertel","Yoga in Augsburg","Yoga online","Yoga \u00fcber Zoom","Yoga und Meditation","Yogakurs","Yogakurse","Yogakurse in Augsburg","Zoomyoga"],"articleSection":["Uncategorized"],"inLanguage":"de"},{"@type":"WebPage","@id":"https:\/\/www.yogaimhof.de\/?p=3122","url":"https:\/\/www.yogaimhof.de\/?p=3122","name":"Zoom-Yoga klappt gut! - Yoga im Hof - seit 2005 in Augsburg","isPartOf":{"@id":"https:\/\/www.yogaimhof.de\/#website"},"primaryImageOfPage":{"@id":"https:\/\/www.yogaimhof.de\/?p=3122#primaryimage"},"image":{"@id":"https:\/\/www.yogaimhof.de\/?p=3122#primaryimage"},"thumbnailUrl":"http:\/\/www.yogaimhof.de\/blog\/wp-content\/uploads\/2020\/11\/Bildschirmfoto-2020-11-15-um-15.32.13.png","datePublished":"2020-11-15T14:47:28+00:00","dateModified":"2020-11-15T14:47:29+00:00","breadcrumb":{"@id":"https:\/\/www.yogaimhof.de\/?p=3122#breadcrumb"},"inLanguage":"de","potentialAction":[{"@type":"ReadAction","target":["https:\/\/www.yogaimhof.de\/?p=3122"]}]},{"@type":"ImageObject","inLanguage":"de","@id":"https:\/\/www.yogaimhof.de\/?p=3122#primaryimage","url":"http:\/\/www.yogaimhof.de\/blog\/wp-content\/uploads\/2020\/11\/Bildschirmfoto-2020-11-15-um-15.32.13.png","contentUrl":"http:\/\/www.yogaimhof.de\/blog\/wp-content\/uploads\/2020\/11\/Bildschirmfoto-2020-11-15-um-15.32.13.png"},{"@type":"BreadcrumbList","@id":"https:\/\/www.yogaimhof.de\/?p=3122#breadcrumb","itemListElement":[{"@type":"ListItem","position":1,"name":"Startseite","item":"https:\/\/www.yogaimhof.de\/"},{"@type":"ListItem","position":2,"name":"Zoom-Yoga klappt gut!"}]},{"@type":"WebSite","@id":"https:\/\/www.yogaimhof.de\/#website","url":"https:\/\/www.yogaimhof.de\/","name":"Yoga im Hof - seit 2005 in Augsburg","description":"Zeit f\u00fcr Yoga... Zeit f\u00fcr Dich.","publisher":{"@id":"https:\/\/www.yogaimhof.de\/#organization"},"potentialAction":[{"@type":"SearchAction","target":{"@type":"EntryPoint","urlTemplate":"https:\/\/www.yogaimhof.de\/?s={search_term_string}"},"query-input":{"@type":"PropertyValueSpecification","valueRequired":true,"valueName":"search_term_string"}}],"inLanguage":"de"},{"@type":"Organization","@id":"https:\/\/www.yogaimhof.de\/#organization","name":"Yoga im Hof - seit 2005 in Augsburg","url":"https:\/\/www.yogaimhof.de\/","logo":{"@type":"ImageObject","inLanguage":"de","@id":"https:\/\/www.yogaimhof.de\/#\/schema\/logo\/image\/","url":"https:\/\/www.yogaimhof.de\/wp-content\/uploads\/2018\/05\/Logo-YIH.png","contentUrl":"https:\/\/www.yogaimhof.de\/wp-content\/uploads\/2018\/05\/Logo-YIH.png","width":200,"height":198,"caption":"Yoga im Hof - seit 2005 in Augsburg"},"image":{"@id":"https:\/\/www.yogaimhof.de\/#\/schema\/logo\/image\/"},"sameAs":["https:\/\/www.facebook.com\/profile.php?id=100063689761446"]},{"@type":"Person","@id":"https:\/\/www.yogaimhof.de\/#\/schema\/person\/40639ab66b02febb41066df02d5e90ce","name":"admin","image":{"@type":"ImageObject","inLanguage":"de","@id":"https:\/\/secure.gravatar.com\/avatar\/7c94d33d7cae1142e0d8384ce86108dad6ea2c4a24c1c816625bcd8df15903cf?s=96&d=mm&r=g","url":"https:\/\/secure.gravatar.com\/avatar\/7c94d33d7cae1142e0d8384ce86108dad6ea2c4a24c1c816625bcd8df15903cf?s=96&d=mm&r=g","contentUrl":"https:\/\/secure.gravatar.com\/avatar\/7c94d33d7cae1142e0d8384ce86108dad6ea2c4a24c1c816625bcd8df15903cf?s=96&d=mm&r=g","caption":"admin"},"sameAs":["https:\/\/www.instagram.com\/yoga_im_hof_augsburg\/"],"url":"https:\/\/www.yogaimhof.de\/?author=1"}]}},"_links":{"self":[{"href":"https:\/\/www.yogaimhof.de\/index.php?rest_route=\/wp\/v2\/posts\/3122","targetHints":{"allow":["GET"]}}],"collection":[{"href":"https:\/\/www.yogaimhof.de\/index.php?rest_route=\/wp\/v2\/posts"}],"about":[{"href":"https:\/\/www.yogaimhof.de\/index.php?rest_route=\/wp\/v2\/types\/post"}],"author":[{"embeddable":true,"href":"https:\/\/www.yogaimhof.de\/index.php?rest_route=\/wp\/v2\/users\/1"}],"replies":[{"embeddable":true,"href":"https:\/\/www.yogaimhof.de\/index.php?rest_route=%2Fwp%2Fv2%2Fcomments&post=3122"}],"version-history":[{"count":1,"href":"https:\/\/www.yogaimhof.de\/index.php?rest_route=\/wp\/v2\/posts\/3122\/revisions"}],"predecessor-version":[{"id":3127,"href":"https:\/\/www.yogaimhof.de\/index.php?rest_route=\/wp\/v2\/posts\/3122\/revisions\/3127"}],"wp:attachment":[{"href":"https:\/\/www.yogaimhof.de\/index.php?rest_route=%2Fwp%2Fv2%2Fmedia&parent=3122"}],"wp:term":[{"taxonomy":"category","embeddable":true,"href":"https:\/\/www.yogaimhof.de\/index.php?rest_route=%2Fwp%2Fv2%2Fcategories&post=3122"},{"taxonomy":"post_tag","embeddable":true,"href":"https:\/\/www.yogaimhof.de\/index.php?rest_route=%2Fwp%2Fv2%2Ftags&post=3122"}],"curies":[{"name":"wp","href":"https:\/\/api.w.org\/{rel}","templated":true}]}}