{"id":2628,"date":"2019-11-29T15:40:25","date_gmt":"2019-11-29T13:40:25","guid":{"rendered":"http:\/\/www.yogaimhof.de\/blog\/?p=2628"},"modified":"2019-11-29T15:40:26","modified_gmt":"2019-11-29T13:40:26","slug":"danke-sos-mediterranee","status":"publish","type":"post","link":"https:\/\/www.yogaimhof.de\/?p=2628","title":{"rendered":"DANKE, SOS Mediterranee!"},"content":{"rendered":"\n<p><\/p>\n\n\n\n<div class=\"wp-block-image\"><figure class=\"aligncenter\"><img loading=\"lazy\" decoding=\"async\" width=\"400\" height=\"304\" src=\"http:\/\/www.yogaimhof.de\/blog\/wp-content\/uploads\/2019\/11\/IMG_0366.jpeg\" alt=\"\" class=\"wp-image-2625\" srcset=\"https:\/\/www.yogaimhof.de\/wp-content\/uploads\/2019\/11\/IMG_0366.jpeg 400w, https:\/\/www.yogaimhof.de\/wp-content\/uploads\/2019\/11\/IMG_0366-300x228.jpeg 300w\" sizes=\"auto, (max-width: 400px) 100vw, 400px\" \/><\/figure><\/div>\n\n\n\n<p style=\"text-align:center\" class=\"has-medium-font-size\">Herzlichen Dank, SOS Mediterranee f\u00fcr diese pers\u00f6nliche Karte und f\u00fcr den <a href=\"http:\/\/www.yogaimhof.de\/blog\/wp-content\/uploads\/2019\/11\/Brief-SOS-Mediterranee.pdf\">Info-Brief, der HIER<\/a> nachzulesen ist.<\/p>\n","protected":false},"excerpt":{"rendered":"<p>Herzlichen Dank, SOS Mediterranee f\u00fcr diese pers\u00f6nliche Karte und f\u00fcr den Info-Brief, der HIER nachzulesen ist.<\/p>\n","protected":false},"author":1,"featured_media":0,"comment_status":"closed","ping_status":"closed","sticky":false,"template":"","format":"standard","meta":{"footnotes":""},"categories":[1],"tags":[176,177,24,45,44,98,75,171,169],"class_list":["post-2628","post","type-post","status-publish","format-standard","hentry","category-uncategorized","tag-acroyoga","tag-acroyoga-jam","tag-yoga","tag-yoga-fur-den-rucken","tag-yoga-im-bismarckviertel","tag-yoga-in-augsburg","tag-yoga-und-meditation","tag-yogakurse-in-augsburg","tag-yogaschule-in-augsburg"],"yoast_head":"<!-- This site is optimized with the Yoast SEO plugin v27.5 - https:\/\/yoast.com\/product\/yoast-seo-wordpress\/ -->\n<title>DANKE, SOS Mediterranee! - Yoga im Hof - seit 2005 in Augsburg<\/title>\n<meta name=\"robots\" content=\"index, follow, max-snippet:-1, max-image-preview:large, max-video-preview:-1\" \/>\n<link rel=\"canonical\" href=\"https:\/\/www.yogaimhof.de\/?p=2628\" \/>\n<meta property=\"og:locale\" content=\"de_DE\" \/>\n<meta property=\"og:type\" content=\"article\" \/>\n<meta property=\"og:title\" content=\"DANKE, SOS Mediterranee! - Yoga im Hof - seit 2005 in Augsburg\" \/>\n<meta property=\"og:description\" content=\"Herzlichen Dank, SOS Mediterranee f\u00fcr diese pers\u00f6nliche Karte und f\u00fcr den Info-Brief, der HIER nachzulesen ist.\" \/>\n<meta property=\"og:url\" content=\"https:\/\/www.yogaimhof.de\/?p=2628\" \/>\n<meta property=\"og:site_name\" content=\"Yoga im Hof - seit 2005 in Augsburg\" \/>\n<meta property=\"article:publisher\" content=\"https:\/\/www.facebook.com\/profile.php?id=100063689761446\" \/>\n<meta property=\"article:published_time\" content=\"2019-11-29T13:40:25+00:00\" \/>\n<meta property=\"article:modified_time\" content=\"2019-11-29T13:40:26+00:00\" \/>\n<meta property=\"og:image\" content=\"http:\/\/www.yogaimhof.de\/blog\/wp-content\/uploads\/2019\/11\/IMG_0366.jpeg\" \/>\n<meta name=\"author\" content=\"admin\" \/>\n<meta name=\"twitter:card\" content=\"summary_large_image\" \/>\n<meta name=\"twitter:label1\" content=\"Verfasst von\" \/>\n\t<meta name=\"twitter:data1\" content=\"admin\" \/>\n<script type=\"application\/ld+json\" class=\"yoast-schema-graph\">{\"@context\":\"https:\\\/\\\/schema.org\",\"@graph\":[{\"@type\":\"Article\",\"@id\":\"https:\\\/\\\/www.yogaimhof.de\\\/?p=2628#article\",\"isPartOf\":{\"@id\":\"https:\\\/\\\/www.yogaimhof.de\\\/?p=2628\"},\"author\":{\"name\":\"admin\",\"@id\":\"https:\\\/\\\/www.yogaimhof.de\\\/#\\\/schema\\\/person\\\/40639ab66b02febb41066df02d5e90ce\"},\"headline\":\"DANKE, SOS Mediterranee!\",\"datePublished\":\"2019-11-29T13:40:25+00:00\",\"dateModified\":\"2019-11-29T13:40:26+00:00\",\"mainEntityOfPage\":{\"@id\":\"https:\\\/\\\/www.yogaimhof.de\\\/?p=2628\"},\"wordCount\":22,\"publisher\":{\"@id\":\"https:\\\/\\\/www.yogaimhof.de\\\/#organization\"},\"image\":{\"@id\":\"https:\\\/\\\/www.yogaimhof.de\\\/?p=2628#primaryimage\"},\"thumbnailUrl\":\"http:\\\/\\\/www.yogaimhof.de\\\/blog\\\/wp-content\\\/uploads\\\/2019\\\/11\\\/IMG_0366.jpeg\",\"keywords\":[\"AcroYoga\",\"AcroYoga Jam\",\"Yoga\",\"Yoga f\u00fcr den R\u00fccken\",\"Yoga im Bismarckviertel\",\"Yoga in Augsburg\",\"Yoga und Meditation\",\"Yogakurse in Augsburg\",\"Yogaschule in Augsburg\"],\"articleSection\":[\"Uncategorized\"],\"inLanguage\":\"de\"},{\"@type\":\"WebPage\",\"@id\":\"https:\\\/\\\/www.yogaimhof.de\\\/?p=2628\",\"url\":\"https:\\\/\\\/www.yogaimhof.de\\\/?p=2628\",\"name\":\"DANKE, SOS Mediterranee! - Yoga im Hof - seit 2005 in Augsburg\",\"isPartOf\":{\"@id\":\"https:\\\/\\\/www.yogaimhof.de\\\/#website\"},\"primaryImageOfPage\":{\"@id\":\"https:\\\/\\\/www.yogaimhof.de\\\/?p=2628#primaryimage\"},\"image\":{\"@id\":\"https:\\\/\\\/www.yogaimhof.de\\\/?p=2628#primaryimage\"},\"thumbnailUrl\":\"http:\\\/\\\/www.yogaimhof.de\\\/blog\\\/wp-content\\\/uploads\\\/2019\\\/11\\\/IMG_0366.jpeg\",\"datePublished\":\"2019-11-29T13:40:25+00:00\",\"dateModified\":\"2019-11-29T13:40:26+00:00\",\"breadcrumb\":{\"@id\":\"https:\\\/\\\/www.yogaimhof.de\\\/?p=2628#breadcrumb\"},\"inLanguage\":\"de\",\"potentialAction\":[{\"@type\":\"ReadAction\",\"target\":[\"https:\\\/\\\/www.yogaimhof.de\\\/?p=2628\"]}]},{\"@type\":\"ImageObject\",\"inLanguage\":\"de\",\"@id\":\"https:\\\/\\\/www.yogaimhof.de\\\/?p=2628#primaryimage\",\"url\":\"http:\\\/\\\/www.yogaimhof.de\\\/blog\\\/wp-content\\\/uploads\\\/2019\\\/11\\\/IMG_0366.jpeg\",\"contentUrl\":\"http:\\\/\\\/www.yogaimhof.de\\\/blog\\\/wp-content\\\/uploads\\\/2019\\\/11\\\/IMG_0366.jpeg\"},{\"@type\":\"BreadcrumbList\",\"@id\":\"https:\\\/\\\/www.yogaimhof.de\\\/?p=2628#breadcrumb\",\"itemListElement\":[{\"@type\":\"ListItem\",\"position\":1,\"name\":\"Startseite\",\"item\":\"https:\\\/\\\/www.yogaimhof.de\\\/\"},{\"@type\":\"ListItem\",\"position\":2,\"name\":\"DANKE, SOS Mediterranee!\"}]},{\"@type\":\"WebSite\",\"@id\":\"https:\\\/\\\/www.yogaimhof.de\\\/#website\",\"url\":\"https:\\\/\\\/www.yogaimhof.de\\\/\",\"name\":\"Yoga im Hof - seit 2005 in Augsburg\",\"description\":\"Zeit f\u00fcr Yoga... Zeit f\u00fcr Dich.\",\"publisher\":{\"@id\":\"https:\\\/\\\/www.yogaimhof.de\\\/#organization\"},\"potentialAction\":[{\"@type\":\"SearchAction\",\"target\":{\"@type\":\"EntryPoint\",\"urlTemplate\":\"https:\\\/\\\/www.yogaimhof.de\\\/?s={search_term_string}\"},\"query-input\":{\"@type\":\"PropertyValueSpecification\",\"valueRequired\":true,\"valueName\":\"search_term_string\"}}],\"inLanguage\":\"de\"},{\"@type\":\"Organization\",\"@id\":\"https:\\\/\\\/www.yogaimhof.de\\\/#organization\",\"name\":\"Yoga im Hof - seit 2005 in Augsburg\",\"url\":\"https:\\\/\\\/www.yogaimhof.de\\\/\",\"logo\":{\"@type\":\"ImageObject\",\"inLanguage\":\"de\",\"@id\":\"https:\\\/\\\/www.yogaimhof.de\\\/#\\\/schema\\\/logo\\\/image\\\/\",\"url\":\"https:\\\/\\\/www.yogaimhof.de\\\/wp-content\\\/uploads\\\/2018\\\/05\\\/Logo-YIH.png\",\"contentUrl\":\"https:\\\/\\\/www.yogaimhof.de\\\/wp-content\\\/uploads\\\/2018\\\/05\\\/Logo-YIH.png\",\"width\":200,\"height\":198,\"caption\":\"Yoga im Hof - seit 2005 in Augsburg\"},\"image\":{\"@id\":\"https:\\\/\\\/www.yogaimhof.de\\\/#\\\/schema\\\/logo\\\/image\\\/\"},\"sameAs\":[\"https:\\\/\\\/www.facebook.com\\\/profile.php?id=100063689761446\"]},{\"@type\":\"Person\",\"@id\":\"https:\\\/\\\/www.yogaimhof.de\\\/#\\\/schema\\\/person\\\/40639ab66b02febb41066df02d5e90ce\",\"name\":\"admin\",\"image\":{\"@type\":\"ImageObject\",\"inLanguage\":\"de\",\"@id\":\"https:\\\/\\\/secure.gravatar.com\\\/avatar\\\/7c94d33d7cae1142e0d8384ce86108dad6ea2c4a24c1c816625bcd8df15903cf?s=96&d=mm&r=g\",\"url\":\"https:\\\/\\\/secure.gravatar.com\\\/avatar\\\/7c94d33d7cae1142e0d8384ce86108dad6ea2c4a24c1c816625bcd8df15903cf?s=96&d=mm&r=g\",\"contentUrl\":\"https:\\\/\\\/secure.gravatar.com\\\/avatar\\\/7c94d33d7cae1142e0d8384ce86108dad6ea2c4a24c1c816625bcd8df15903cf?s=96&d=mm&r=g\",\"caption\":\"admin\"},\"sameAs\":[\"https:\\\/\\\/www.instagram.com\\\/yoga_im_hof_augsburg\\\/\"],\"url\":\"https:\\\/\\\/www.yogaimhof.de\\\/?author=1\"}]}<\/script>\n<!-- \/ Yoast SEO plugin. -->","yoast_head_json":{"title":"DANKE, SOS Mediterranee! - Yoga im Hof - seit 2005 in Augsburg","robots":{"index":"index","follow":"follow","max-snippet":"max-snippet:-1","max-image-preview":"max-image-preview:large","max-video-preview":"max-video-preview:-1"},"canonical":"https:\/\/www.yogaimhof.de\/?p=2628","og_locale":"de_DE","og_type":"article","og_title":"DANKE, SOS Mediterranee! - Yoga im Hof - seit 2005 in Augsburg","og_description":"Herzlichen Dank, SOS Mediterranee f\u00fcr diese pers\u00f6nliche Karte und f\u00fcr den Info-Brief, der HIER nachzulesen ist.","og_url":"https:\/\/www.yogaimhof.de\/?p=2628","og_site_name":"Yoga im Hof - seit 2005 in Augsburg","article_publisher":"https:\/\/www.facebook.com\/profile.php?id=100063689761446","article_published_time":"2019-11-29T13:40:25+00:00","article_modified_time":"2019-11-29T13:40:26+00:00","og_image":[{"url":"http:\/\/www.yogaimhof.de\/blog\/wp-content\/uploads\/2019\/11\/IMG_0366.jpeg","type":"","width":"","height":""}],"author":"admin","twitter_card":"summary_large_image","twitter_misc":{"Verfasst von":"admin"},"schema":{"@context":"https:\/\/schema.org","@graph":[{"@type":"Article","@id":"https:\/\/www.yogaimhof.de\/?p=2628#article","isPartOf":{"@id":"https:\/\/www.yogaimhof.de\/?p=2628"},"author":{"name":"admin","@id":"https:\/\/www.yogaimhof.de\/#\/schema\/person\/40639ab66b02febb41066df02d5e90ce"},"headline":"DANKE, SOS Mediterranee!","datePublished":"2019-11-29T13:40:25+00:00","dateModified":"2019-11-29T13:40:26+00:00","mainEntityOfPage":{"@id":"https:\/\/www.yogaimhof.de\/?p=2628"},"wordCount":22,"publisher":{"@id":"https:\/\/www.yogaimhof.de\/#organization"},"image":{"@id":"https:\/\/www.yogaimhof.de\/?p=2628#primaryimage"},"thumbnailUrl":"http:\/\/www.yogaimhof.de\/blog\/wp-content\/uploads\/2019\/11\/IMG_0366.jpeg","keywords":["AcroYoga","AcroYoga Jam","Yoga","Yoga f\u00fcr den R\u00fccken","Yoga im Bismarckviertel","Yoga in Augsburg","Yoga und Meditation","Yogakurse in Augsburg","Yogaschule in Augsburg"],"articleSection":["Uncategorized"],"inLanguage":"de"},{"@type":"WebPage","@id":"https:\/\/www.yogaimhof.de\/?p=2628","url":"https:\/\/www.yogaimhof.de\/?p=2628","name":"DANKE, SOS Mediterranee! - Yoga im Hof - seit 2005 in Augsburg","isPartOf":{"@id":"https:\/\/www.yogaimhof.de\/#website"},"primaryImageOfPage":{"@id":"https:\/\/www.yogaimhof.de\/?p=2628#primaryimage"},"image":{"@id":"https:\/\/www.yogaimhof.de\/?p=2628#primaryimage"},"thumbnailUrl":"http:\/\/www.yogaimhof.de\/blog\/wp-content\/uploads\/2019\/11\/IMG_0366.jpeg","datePublished":"2019-11-29T13:40:25+00:00","dateModified":"2019-11-29T13:40:26+00:00","breadcrumb":{"@id":"https:\/\/www.yogaimhof.de\/?p=2628#breadcrumb"},"inLanguage":"de","potentialAction":[{"@type":"ReadAction","target":["https:\/\/www.yogaimhof.de\/?p=2628"]}]},{"@type":"ImageObject","inLanguage":"de","@id":"https:\/\/www.yogaimhof.de\/?p=2628#primaryimage","url":"http:\/\/www.yogaimhof.de\/blog\/wp-content\/uploads\/2019\/11\/IMG_0366.jpeg","contentUrl":"http:\/\/www.yogaimhof.de\/blog\/wp-content\/uploads\/2019\/11\/IMG_0366.jpeg"},{"@type":"BreadcrumbList","@id":"https:\/\/www.yogaimhof.de\/?p=2628#breadcrumb","itemListElement":[{"@type":"ListItem","position":1,"name":"Startseite","item":"https:\/\/www.yogaimhof.de\/"},{"@type":"ListItem","position":2,"name":"DANKE, SOS Mediterranee!"}]},{"@type":"WebSite","@id":"https:\/\/www.yogaimhof.de\/#website","url":"https:\/\/www.yogaimhof.de\/","name":"Yoga im Hof - seit 2005 in Augsburg","description":"Zeit f\u00fcr Yoga... Zeit f\u00fcr Dich.","publisher":{"@id":"https:\/\/www.yogaimhof.de\/#organization"},"potentialAction":[{"@type":"SearchAction","target":{"@type":"EntryPoint","urlTemplate":"https:\/\/www.yogaimhof.de\/?s={search_term_string}"},"query-input":{"@type":"PropertyValueSpecification","valueRequired":true,"valueName":"search_term_string"}}],"inLanguage":"de"},{"@type":"Organization","@id":"https:\/\/www.yogaimhof.de\/#organization","name":"Yoga im Hof - seit 2005 in Augsburg","url":"https:\/\/www.yogaimhof.de\/","logo":{"@type":"ImageObject","inLanguage":"de","@id":"https:\/\/www.yogaimhof.de\/#\/schema\/logo\/image\/","url":"https:\/\/www.yogaimhof.de\/wp-content\/uploads\/2018\/05\/Logo-YIH.png","contentUrl":"https:\/\/www.yogaimhof.de\/wp-content\/uploads\/2018\/05\/Logo-YIH.png","width":200,"height":198,"caption":"Yoga im Hof - seit 2005 in Augsburg"},"image":{"@id":"https:\/\/www.yogaimhof.de\/#\/schema\/logo\/image\/"},"sameAs":["https:\/\/www.facebook.com\/profile.php?id=100063689761446"]},{"@type":"Person","@id":"https:\/\/www.yogaimhof.de\/#\/schema\/person\/40639ab66b02febb41066df02d5e90ce","name":"admin","image":{"@type":"ImageObject","inLanguage":"de","@id":"https:\/\/secure.gravatar.com\/avatar\/7c94d33d7cae1142e0d8384ce86108dad6ea2c4a24c1c816625bcd8df15903cf?s=96&d=mm&r=g","url":"https:\/\/secure.gravatar.com\/avatar\/7c94d33d7cae1142e0d8384ce86108dad6ea2c4a24c1c816625bcd8df15903cf?s=96&d=mm&r=g","contentUrl":"https:\/\/secure.gravatar.com\/avatar\/7c94d33d7cae1142e0d8384ce86108dad6ea2c4a24c1c816625bcd8df15903cf?s=96&d=mm&r=g","caption":"admin"},"sameAs":["https:\/\/www.instagram.com\/yoga_im_hof_augsburg\/"],"url":"https:\/\/www.yogaimhof.de\/?author=1"}]}},"_links":{"self":[{"href":"https:\/\/www.yogaimhof.de\/index.php?rest_route=\/wp\/v2\/posts\/2628","targetHints":{"allow":["GET"]}}],"collection":[{"href":"https:\/\/www.yogaimhof.de\/index.php?rest_route=\/wp\/v2\/posts"}],"about":[{"href":"https:\/\/www.yogaimhof.de\/index.php?rest_route=\/wp\/v2\/types\/post"}],"author":[{"embeddable":true,"href":"https:\/\/www.yogaimhof.de\/index.php?rest_route=\/wp\/v2\/users\/1"}],"replies":[{"embeddable":true,"href":"https:\/\/www.yogaimhof.de\/index.php?rest_route=%2Fwp%2Fv2%2Fcomments&post=2628"}],"version-history":[{"count":2,"href":"https:\/\/www.yogaimhof.de\/index.php?rest_route=\/wp\/v2\/posts\/2628\/revisions"}],"predecessor-version":[{"id":2630,"href":"https:\/\/www.yogaimhof.de\/index.php?rest_route=\/wp\/v2\/posts\/2628\/revisions\/2630"}],"wp:attachment":[{"href":"https:\/\/www.yogaimhof.de\/index.php?rest_route=%2Fwp%2Fv2%2Fmedia&parent=2628"}],"wp:term":[{"taxonomy":"category","embeddable":true,"href":"https:\/\/www.yogaimhof.de\/index.php?rest_route=%2Fwp%2Fv2%2Fcategories&post=2628"},{"taxonomy":"post_tag","embeddable":true,"href":"https:\/\/www.yogaimhof.de\/index.php?rest_route=%2Fwp%2Fv2%2Ftags&post=2628"}],"curies":[{"name":"wp","href":"https:\/\/api.w.org\/{rel}","templated":true}]}}